{"id":10032,"date":"2025-07-18T12:03:51","date_gmt":"2025-07-18T10:03:51","guid":{"rendered":"https:\/\/juvigo.es\/revista\/?p=10032"},"modified":"2025-09-04T08:57:27","modified_gmt":"2025-09-04T06:57:27","slug":"calendario-escolar-2025-2026","status":"publish","type":"post","link":"https:\/\/juvigo.es\/revista\/mas-informacion\/calendario-escolar-2025-2026\/","title":{"rendered":"Calendario escolar 2025\/2026"},"content":{"rendered":"\n<p>Ya conocemos el calendario escolar 2025\/2026, important\u00edsimo para planificar el pr\u00f3ximo curso escolar de los peque\u00f1os de la casa. Una vez termina el verano, \u00e9poca de viajes y <a href=\"https:\/\/juvigo.es\/campamentos-ninos\">campamentos<\/a>, llega el momento de la vuelta al cole y volver a planificar la rutina. En este art\u00edculo te traemos informaci\u00f3n detallada de todo lo que deb\u00e9is saber sobre comienzos y finales de curso de cada comunidad aut\u00f3noma.<\/p>\n\n\n\n<h3 class=\"wp-block-heading\">Comienzo y final de las clases por Comunidad Aut\u00f3noma<\/h3>\n\n\n<div class=\"wp-block-image\">\n<figure class=\"alignright size-large is-resized\"><img decoding=\"async\" width=\"1024\" height=\"681\" data-src=\"https:\/\/juvigo.es\/revista\/wp-content\/uploads\/2025\/07\/cdc-gsRi9cWCIB0-unsplash-1024x681.jpg\" alt=\"calendario escolar 2025\/2026\" class=\"wp-image-10033 lazyload\" style=\"--smush-placeholder-width: 1024px; --smush-placeholder-aspect-ratio: 1024\/681;width:304px;height:auto\" data-srcset=\"https:\/\/juvigo.es\/revista\/wp-content\/uploads\/2025\/07\/cdc-gsRi9cWCIB0-unsplash-1024x681.jpg 1024w, https:\/\/juvigo.es\/revista\/wp-content\/uploads\/2025\/07\/cdc-gsRi9cWCIB0-unsplash-300x200.jpg 300w, https:\/\/juvigo.es\/revista\/wp-content\/uploads\/2025\/07\/cdc-gsRi9cWCIB0-unsplash-768x511.jpg 768w, https:\/\/juvigo.es\/revista\/wp-content\/uploads\/2025\/07\/cdc-gsRi9cWCIB0-unsplash-600x399.jpg 600w, https:\/\/juvigo.es\/revista\/wp-content\/uploads\/2025\/07\/cdc-gsRi9cWCIB0-unsplash-800x532.jpg 800w, https:\/\/juvigo.es\/revista\/wp-content\/uploads\/2025\/07\/cdc-gsRi9cWCIB0-unsplash-227x152.jpg 227w, https:\/\/juvigo.es\/revista\/wp-content\/uploads\/2025\/07\/cdc-gsRi9cWCIB0-unsplash-143x96.jpg 143w, https:\/\/juvigo.es\/revista\/wp-content\/uploads\/2025\/07\/cdc-gsRi9cWCIB0-unsplash-585x390.jpg 585w, https:\/\/juvigo.es\/revista\/wp-content\/uploads\/2025\/07\/cdc-gsRi9cWCIB0-unsplash-385x257.jpg 385w, https:\/\/juvigo.es\/revista\/wp-content\/uploads\/2025\/07\/cdc-gsRi9cWCIB0-unsplash.jpg 1064w\" data-sizes=\"(max-width: 1024px) 100vw, 1024px\" src=\"data:image\/svg+xml;base64,PHN2ZyB3aWR0aD0iMSIgaGVpZ2h0PSIxIiB4bWxucz0iaHR0cDovL3d3dy53My5vcmcvMjAwMC9zdmciPjwvc3ZnPg==\" \/><\/figure><\/div>\n\n\n<p>Como otros a\u00f1os, el calendario escolar 2025\/2026 va cambiando seg\u00fan la Comunidad Aut\u00f3noma de Espa\u00f1a. Los primeros en comenzar las clases este septiembre ser\u00e1n los ni\u00f1os y ni\u00f1as de <a href=\"https:\/\/juvigo.es\/campamentos\/campamentos-de-verano-navarra\">Navarra<\/a>, mientras los \u00faltimos ser\u00e1n los extreme\u00f1os. En esta tabla puedes consultar las fechas de tu comunidad, tambi\u00e9n dependiendo de la etapa escolar que te interese consultar.<\/p>\n\n\n\n<p><\/p>\n\n\n\n<table class=\"wp-block-advgb-table advgb-table-frontend\"><tbody><tr><td><strong>Comunidad Aut\u00f3noma<\/strong><\/td><td>I<strong>nfantil\/Primaria <\/strong><\/td><td><strong>ESO\/Bachiller<\/strong> <\/td><\/tr><tr><td>Andaluc\u00eda <\/td><td>10.09- 23.06<\/td><td>15.09-23.06<\/td><\/tr><tr><td>Arag\u00f3n <\/td><td>08.09-19.06<\/td><td>08\/10.09-19.06<\/td><\/tr><tr><td>Asturias<\/td><td>9.09-19.06<\/td><td>09.09-19.06<\/td><\/tr><tr><td>Baleares <\/td><td>10.09-19.06<\/td><td>10.09-19.06<\/td><\/tr><tr><td>Canarias<\/td><td>09.09-19.06<\/td><td>10\/11.09-19.06<\/td><\/tr><tr><td>Cantabria <\/td><td>08.09-18.06<\/td><td>11.09-22.06<\/td><\/tr><tr><td>Castilla La Mancha<\/td><td>08.09-17.06<\/td><td>08.09-17.06<\/td><\/tr><tr><td>Castilla y Le\u00f3n<\/td><td>08.09-24.06<\/td><td>15.09-24.06<\/td><\/tr><tr><td>Catalu\u00f1a<\/td><td>08.09-19.06<\/td><td>8\/12.09-19.06<\/td><\/tr><tr><td>Ceuta<\/td><td>08.09-22.06<\/td><td>08.09-22.06<\/td><\/tr><tr><td>Comunidad Valenciana<\/td><td>08.09-19.06<\/td><td>08.09-19.06<\/td><\/tr><tr><td>Extremadura<\/td><td>11.09-19.06<\/td><td>11\/12.09-19\/17.06<\/td><\/tr><tr><td>Galicia<\/td><td>8.09-19.06<\/td><td>8.09-19.06<\/td><\/tr><tr><td>La Rioja<\/td><td>09.09-22.06<\/td><td>09.09-22.06<\/td><\/tr><tr><td>Madrid <\/td><td>08.09-19.06<\/td><td>09.09-19.06<\/td><\/tr><tr><td>Melilla <\/td><td>09.09-19.06<\/td><td>09.09-19.06<\/td><\/tr><tr><td>Murcia<\/td><td>08.09-22.06<\/td><td>11.09-22.06<\/td><\/tr><tr><td>Navarra <\/td><td>4\/8.09- 17\/19.06<\/td><td>04.09-17.06<\/td><\/tr><tr><td>Pa\u00eds Vasco<\/td><td>05.09-19.06<\/td><td>05.09-19.06<\/td><\/tr><\/tbody><\/table>\n\n\n\n<h3 class=\"wp-block-heading\">Vacaciones de Navidad y Semana Santa <\/h3>\n\n\n<div class=\"wp-block-image\">\n<figure class=\"alignleft size-large is-resized\"><img decoding=\"async\" width=\"1024\" height=\"681\" data-src=\"https:\/\/juvigo.es\/revista\/wp-content\/uploads\/2025\/07\/cdc-GDokEYnOfnE-unsplash-1024x681.jpg\" alt=\"clases durante el calendario escolar 2025\/2026\" class=\"wp-image-10034 lazyload\" style=\"--smush-placeholder-width: 1024px; --smush-placeholder-aspect-ratio: 1024\/681;width:316px;height:auto\" data-srcset=\"https:\/\/juvigo.es\/revista\/wp-content\/uploads\/2025\/07\/cdc-GDokEYnOfnE-unsplash-1024x681.jpg 1024w, https:\/\/juvigo.es\/revista\/wp-content\/uploads\/2025\/07\/cdc-GDokEYnOfnE-unsplash-300x200.jpg 300w, https:\/\/juvigo.es\/revista\/wp-content\/uploads\/2025\/07\/cdc-GDokEYnOfnE-unsplash-768x511.jpg 768w, https:\/\/juvigo.es\/revista\/wp-content\/uploads\/2025\/07\/cdc-GDokEYnOfnE-unsplash-600x399.jpg 600w, https:\/\/juvigo.es\/revista\/wp-content\/uploads\/2025\/07\/cdc-GDokEYnOfnE-unsplash-800x532.jpg 800w, https:\/\/juvigo.es\/revista\/wp-content\/uploads\/2025\/07\/cdc-GDokEYnOfnE-unsplash-227x152.jpg 227w, https:\/\/juvigo.es\/revista\/wp-content\/uploads\/2025\/07\/cdc-GDokEYnOfnE-unsplash-143x96.jpg 143w, https:\/\/juvigo.es\/revista\/wp-content\/uploads\/2025\/07\/cdc-GDokEYnOfnE-unsplash-585x390.jpg 585w, https:\/\/juvigo.es\/revista\/wp-content\/uploads\/2025\/07\/cdc-GDokEYnOfnE-unsplash-385x257.jpg 385w, https:\/\/juvigo.es\/revista\/wp-content\/uploads\/2025\/07\/cdc-GDokEYnOfnE-unsplash.jpg 1064w\" data-sizes=\"(max-width: 1024px) 100vw, 1024px\" src=\"data:image\/svg+xml;base64,PHN2ZyB3aWR0aD0iMSIgaGVpZ2h0PSIxIiB4bWxucz0iaHR0cDovL3d3dy53My5vcmcvMjAwMC9zdmciPjwvc3ZnPg==\" \/><\/figure><\/div>\n\n\n<p>Otro dato important\u00edsimo a conocer en el calendario escolar 2025\/2026 son las fechas de las principales semanas festivas que tenemos en Espa\u00f1a: <a href=\"https:\/\/juvigo.es\/campamentos\/campamentos-navidad\">Navidad<\/a> y <a href=\"https:\/\/juvigo.es\/campamentos\/campamentos-semana-santa\">Semana Santa<\/a>. Conocer las fechas con antelaci\u00f3n permite planificar mejor las vacaciones familiares para esas fechas tan especiales de viajes y reencuentros. Es un momento tambi\u00e9n muy popular para hacer <a href=\"https:\/\/juvigo.es\/campamentos\/cursos-ingles-extranjero\">viajes al extranjero<\/a>, as\u00ed que es importante saber cuando planificarlas. Puede consultar las fechas por Comunidad Aut\u00f3noma en la siguiente tabla. <\/p>\n\n\n\n<table class=\"wp-block-advgb-table advgb-table-frontend\"><tbody><tr><td><strong>Comunidad Aut\u00f3noma<\/strong><\/td><td><strong>Navidad<\/strong><\/td><td><strong>Semana Santa<\/strong><\/td><\/tr><tr><td>Andaluc\u00eda <\/td><td>20 de diciembre a 6 enero<\/td><td>28 de marzo a 5 de abril<\/td><\/tr><tr><td>Arag\u00f3n <\/td><td>20 diciembre a 6 enero<\/td><td>28 de marzo a 6 de abril <\/td><\/tr><tr><td>Asturias<\/td><td>20 diciembre a 7enero<\/td><td>28 de marzo a 5 de abril <\/td><\/tr><tr><td>Baleares <\/td><td>20 diciembre a 6 enero<\/td><td>2 al 12 de abril <\/td><\/tr><tr><td>Canarias<\/td><td>20 diciembre a 7 enero<\/td><td>28 de marzo a 5 abril <\/td><\/tr><tr><td>Cantabria <\/td><td>24 de diciembre a 7 enero<\/td><td>28 de marzo a 5 abril <\/td><\/tr><tr><td>Castilla La Mancha<\/td><td>20 diciembre a 7 enero<\/td><td>28 de marzo a 6 abril <\/td><\/tr><tr><td>Castilla y Le\u00f3n<\/td><td>20 diciembre a 7 enero<\/td><td>27 de marzo a 6 abril <\/td><\/tr><tr><td>Catalu\u00f1a<\/td><td>20 de diciembre a 7 enero<\/td><td>28 de marzo a 6 abril <\/td><\/tr><tr><td>Ceuta<\/td><td>20 de diciembre a 7 enero<\/td><td>20 de marzo a 6 abril <\/td><\/tr><tr><td>Comunidad Valenciana<\/td><td>20 de diciembre a 6 enero<\/td><td>2 al 13 de abril <\/td><\/tr><tr><td>Extremadura<\/td><td>23 de diciembre a 7 enero<\/td><td>28 de marzo a 6 abril <\/td><\/tr><tr><td>Galicia<\/td><td>20 de diciembre a 7 enero<\/td><td>28 de marzo a 6 abril <\/td><\/tr><tr><td>La Rioja<\/td><td>23 de diciembre a 7 enero<\/td><td>28 de marzo a 6 abril <\/td><\/tr><tr><td>Madrid <\/td><td>20 de diciembre a 7 enero<\/td><td>27 de marzo a 6 abril <\/td><\/tr><tr><td>Melilla <\/td><td>20 de diciembre a 7 enero<\/td><td>20 de marzo a 5 abril <\/td><\/tr><tr><td>Murcia<\/td><td>24 de diciembre a 6 enero<\/td><td>28 de marzo a 6 abril <\/td><\/tr><tr><td>Navarra <\/td><td>20 de diciembre a 7 enero<\/td><td>2 al 12 de abril <\/td><\/tr><tr><td>Pa\u00eds Vasco<\/td><td>24 de diciembre a 6 enero<\/td><td>2 al 6 de abril <\/td><\/tr><\/tbody><\/table>\n\n\n\n<h3 class=\"wp-block-heading\">Dias festivos en el calendario escolar 2025\/2026<\/h3>\n\n\n\n<p>Adem\u00e1s, durante el calendario escolar 2025\/2026 tambi\u00e9n habr\u00e1 d\u00edas festivos en los que no habr\u00e1 clases en los centros lectivos. Se trata de d\u00edas de vacaciones a lo largo del a\u00f1o, que son respetados por tanto empresas como administraciones p\u00fablicas. De car\u00e1cter nacional podemos contar con los siguientes como ejemplo: <\/p>\n\n\n<div class=\"wp-block-image\">\n<figure class=\"alignright size-full is-resized\"><img decoding=\"async\" width=\"720\" height=\"489\" data-src=\"https:\/\/juvigo.es\/revista\/wp-content\/uploads\/2025\/07\/vidar-nordli-mathisen-yxwBJjtgtUs-unsplash.jpg\" alt=\"ni\u00f1os de vacaciones 2025\/2026\" class=\"wp-image-10035 lazyload\" style=\"--smush-placeholder-width: 720px; --smush-placeholder-aspect-ratio: 720\/489;width:286px;height:auto\" data-srcset=\"https:\/\/juvigo.es\/revista\/wp-content\/uploads\/2025\/07\/vidar-nordli-mathisen-yxwBJjtgtUs-unsplash.jpg 720w, https:\/\/juvigo.es\/revista\/wp-content\/uploads\/2025\/07\/vidar-nordli-mathisen-yxwBJjtgtUs-unsplash-300x204.jpg 300w, https:\/\/juvigo.es\/revista\/wp-content\/uploads\/2025\/07\/vidar-nordli-mathisen-yxwBJjtgtUs-unsplash-600x408.jpg 600w, https:\/\/juvigo.es\/revista\/wp-content\/uploads\/2025\/07\/vidar-nordli-mathisen-yxwBJjtgtUs-unsplash-143x96.jpg 143w\" data-sizes=\"(max-width: 720px) 100vw, 720px\" src=\"data:image\/svg+xml;base64,PHN2ZyB3aWR0aD0iMSIgaGVpZ2h0PSIxIiB4bWxucz0iaHR0cDovL3d3dy53My5vcmcvMjAwMC9zdmciPjwvc3ZnPg==\" \/><\/figure><\/div>\n\n\n<ul class=\"wp-block-list\">\n<li>12 de octubre<\/li>\n\n\n\n<li>1 de noviembre <\/li>\n\n\n\n<li>6 de diciembre <\/li>\n\n\n\n<li>8 de diciembre <\/li>\n\n\n\n<li>1 de mayo <\/li>\n\n\n\n<li>15 de <a href=\"https:\/\/juvigo.es\/campamentos\/campamentos-de-verano-agosto\">agosto<\/a><\/li>\n<\/ul>\n\n\n\n<p>Adem\u00e1s de esto, cada comunidad aut\u00f3noma tendr\u00e1 los suyos adaptados a sus fiestas regionales y locales. Por este motivo, siempre es bueno tambi\u00e9n consultar esta informaci\u00f3n en tu localidad y\/o en el <a href=\"https:\/\/www.boe.es\/\">Bolet\u00edn Oficial del Estado<\/a>. <\/p>\n\n\n\n<p><\/p>\n","protected":false},"excerpt":{"rendered":"<p>Ya conocemos el calendario escolar 2025\/2026, important\u00edsimo para planificar el pr\u00f3ximo curso escolar de los peque\u00f1os de la casa. Una vez termina el verano, \u00e9poca de viajes y campamentos, llega el momento de la vuelta al cole y volver a planificar la rutina. En este art\u00edculo te traemos informaci\u00f3n detallada de todo lo que deb\u00e9is [&hellip;]<\/p>\n","protected":false},"author":27,"featured_media":9916,"comment_status":"open","ping_status":"closed","sticky":false,"template":"","format":"standard","meta":{"advgb_blocks_editor_width":"","advgb_blocks_columns_visual_guide":"","footnotes":"","_links_to":"","_links_to_target":""},"categories":[1],"table_tags":[],"class_list":["post-10032","post","type-post","status-publish","format-standard","has-post-thumbnail","hentry","category-mas-informacion"],"yoast_head":"<!-- This site is optimized with the Yoast SEO plugin v25.8 - https:\/\/yoast.com\/wordpress\/plugins\/seo\/ -->\n<title>Calendario escolar 2025\/2026 - Juvigo Revista<\/title>\n<meta name=\"description\" content=\"En este art\u00edculo te traemos el nuevo calendario escolar 2025\/2026 para que puedas conocer cuando comienzan y terminan las clases.\" \/>\n<meta name=\"robots\" content=\"index, follow, max-snippet:-1, max-image-preview:large, max-video-preview:-1\" \/>\n<link rel=\"canonical\" href=\"https:\/\/juvigo.es\/revista\/mas-informacion\/calendario-escolar-2025-2026\/\" \/>\n<meta property=\"og:locale\" content=\"es_ES\" \/>\n<meta property=\"og:type\" content=\"article\" \/>\n<meta property=\"og:title\" content=\"Calendario escolar 2025\/2026 - Juvigo Revista\" \/>\n<meta property=\"og:description\" content=\"En este art\u00edculo te traemos el nuevo calendario escolar 2025\/2026 para que puedas conocer cuando comienzan y terminan las clases.\" \/>\n<meta property=\"og:url\" content=\"https:\/\/juvigo.es\/revista\/mas-informacion\/calendario-escolar-2025-2026\/\" \/>\n<meta property=\"og:site_name\" content=\"Revista Juvigo\" \/>\n<meta property=\"article:publisher\" content=\"https:\/\/de-de.facebook.com\/meinjuvigo\" \/>\n<meta property=\"article:published_time\" content=\"2025-07-18T10:03:51+00:00\" \/>\n<meta property=\"article:modified_time\" content=\"2025-09-04T06:57:27+00:00\" \/>\n<meta property=\"og:image\" content=\"https:\/\/juvigo.es\/revista\/wp-content\/uploads\/2025\/05\/national-cancer-institute-N_aihp118p8-unsplash-1-scaled.jpg\" \/>\n\t<meta property=\"og:image:width\" content=\"2560\" \/>\n\t<meta property=\"og:image:height\" content=\"1707\" \/>\n\t<meta property=\"og:image:type\" content=\"image\/jpeg\" \/>\n<meta name=\"author\" content=\"Rocio\" \/>\n<meta name=\"twitter:card\" content=\"summary_large_image\" \/>\n<meta name=\"twitter:creator\" content=\"@meinjuvigo\" \/>\n<meta name=\"twitter:site\" content=\"@meinjuvigo\" \/>\n<meta name=\"twitter:label1\" content=\"Escrito por\" \/>\n\t<meta name=\"twitter:data1\" content=\"Rocio\" \/>\n\t<meta name=\"twitter:label2\" content=\"Tiempo de lectura\" \/>\n\t<meta name=\"twitter:data2\" content=\"4 minutos\" \/>\n<script type=\"application\/ld+json\" class=\"yoast-schema-graph\">{\"@context\":\"https:\/\/schema.org\",\"@graph\":[{\"@type\":\"Article\",\"@id\":\"https:\/\/juvigo.es\/revista\/mas-informacion\/calendario-escolar-2025-2026\/#article\",\"isPartOf\":{\"@id\":\"https:\/\/juvigo.es\/revista\/mas-informacion\/calendario-escolar-2025-2026\/\"},\"author\":{\"name\":\"Rocio\",\"@id\":\"https:\/\/juvigo.es\/revista\/#\/schema\/person\/53d3d40aa9db5be34e5a16b72d2058d1\"},\"headline\":\"Calendario escolar 2025\/2026\",\"datePublished\":\"2025-07-18T10:03:51+00:00\",\"dateModified\":\"2025-09-04T06:57:27+00:00\",\"mainEntityOfPage\":{\"@id\":\"https:\/\/juvigo.es\/revista\/mas-informacion\/calendario-escolar-2025-2026\/\"},\"wordCount\":608,\"commentCount\":0,\"publisher\":{\"@id\":\"https:\/\/juvigo.es\/revista\/#organization\"},\"image\":{\"@id\":\"https:\/\/juvigo.es\/revista\/mas-informacion\/calendario-escolar-2025-2026\/#primaryimage\"},\"thumbnailUrl\":\"https:\/\/juvigo.es\/revista\/wp-content\/uploads\/2025\/05\/national-cancer-institute-N_aihp118p8-unsplash-1-scaled.jpg\",\"articleSection\":[\"M\u00e1s informaci\u00f3n\"],\"inLanguage\":\"es\",\"potentialAction\":[{\"@type\":\"CommentAction\",\"name\":\"Comment\",\"target\":[\"https:\/\/juvigo.es\/revista\/mas-informacion\/calendario-escolar-2025-2026\/#respond\"]}]},{\"@type\":\"WebPage\",\"@id\":\"https:\/\/juvigo.es\/revista\/mas-informacion\/calendario-escolar-2025-2026\/\",\"url\":\"https:\/\/juvigo.es\/revista\/mas-informacion\/calendario-escolar-2025-2026\/\",\"name\":\"Calendario escolar 2025\/2026 - Juvigo Revista\",\"isPartOf\":{\"@id\":\"https:\/\/juvigo.es\/revista\/#website\"},\"primaryImageOfPage\":{\"@id\":\"https:\/\/juvigo.es\/revista\/mas-informacion\/calendario-escolar-2025-2026\/#primaryimage\"},\"image\":{\"@id\":\"https:\/\/juvigo.es\/revista\/mas-informacion\/calendario-escolar-2025-2026\/#primaryimage\"},\"thumbnailUrl\":\"https:\/\/juvigo.es\/revista\/wp-content\/uploads\/2025\/05\/national-cancer-institute-N_aihp118p8-unsplash-1-scaled.jpg\",\"datePublished\":\"2025-07-18T10:03:51+00:00\",\"dateModified\":\"2025-09-04T06:57:27+00:00\",\"description\":\"En este art\u00edculo te traemos el nuevo calendario escolar 2025\/2026 para que puedas conocer cuando comienzan y terminan las clases.\",\"breadcrumb\":{\"@id\":\"https:\/\/juvigo.es\/revista\/mas-informacion\/calendario-escolar-2025-2026\/#breadcrumb\"},\"inLanguage\":\"es\",\"potentialAction\":[{\"@type\":\"ReadAction\",\"target\":[\"https:\/\/juvigo.es\/revista\/mas-informacion\/calendario-escolar-2025-2026\/\"]}]},{\"@type\":\"ImageObject\",\"inLanguage\":\"es\",\"@id\":\"https:\/\/juvigo.es\/revista\/mas-informacion\/calendario-escolar-2025-2026\/#primaryimage\",\"url\":\"https:\/\/juvigo.es\/revista\/wp-content\/uploads\/2025\/05\/national-cancer-institute-N_aihp118p8-unsplash-1-scaled.jpg\",\"contentUrl\":\"https:\/\/juvigo.es\/revista\/wp-content\/uploads\/2025\/05\/national-cancer-institute-N_aihp118p8-unsplash-1-scaled.jpg\",\"width\":2560,\"height\":1707},{\"@type\":\"BreadcrumbList\",\"@id\":\"https:\/\/juvigo.es\/revista\/mas-informacion\/calendario-escolar-2025-2026\/#breadcrumb\",\"itemListElement\":[{\"@type\":\"ListItem\",\"position\":1,\"name\":\"Revista Juvigo\",\"item\":\"https:\/\/juvigo.es\/revista\/\"},{\"@type\":\"ListItem\",\"position\":2,\"name\":\"M\u00e1s informaci\u00f3n\",\"item\":\"https:\/\/juvigo.es\/revista\/mas-informacion\/\"},{\"@type\":\"ListItem\",\"position\":3,\"name\":\"Calendario escolar 2025\/2026\"}]},{\"@type\":\"WebSite\",\"@id\":\"https:\/\/juvigo.es\/revista\/#website\",\"url\":\"https:\/\/juvigo.es\/revista\/\",\"name\":\"Revista Juvigo\",\"description\":\"Tu revista digital de campamentos de verano y viajes de idiomas para ni\u00f1os y j\u00f3venes\",\"publisher\":{\"@id\":\"https:\/\/juvigo.es\/revista\/#organization\"},\"potentialAction\":[{\"@type\":\"SearchAction\",\"target\":{\"@type\":\"EntryPoint\",\"urlTemplate\":\"https:\/\/juvigo.es\/revista\/?s={search_term_string}\"},\"query-input\":{\"@type\":\"PropertyValueSpecification\",\"valueRequired\":true,\"valueName\":\"search_term_string\"}}],\"inLanguage\":\"es\"},{\"@type\":\"Organization\",\"@id\":\"https:\/\/juvigo.es\/revista\/#organization\",\"name\":\"Juvigo GmbH\",\"url\":\"https:\/\/juvigo.es\/revista\/\",\"logo\":{\"@type\":\"ImageObject\",\"inLanguage\":\"es\",\"@id\":\"https:\/\/juvigo.es\/revista\/#\/schema\/logo\/image\/\",\"url\":\"https:\/\/juvigo.es\/revista\/wp-content\/uploads\/2022\/02\/magazine_logo_scaled.png\",\"contentUrl\":\"https:\/\/juvigo.es\/revista\/wp-content\/uploads\/2022\/02\/magazine_logo_scaled.png\",\"width\":240,\"height\":100,\"caption\":\"Juvigo GmbH\"},\"image\":{\"@id\":\"https:\/\/juvigo.es\/revista\/#\/schema\/logo\/image\/\"},\"sameAs\":[\"https:\/\/de-de.facebook.com\/meinjuvigo\",\"https:\/\/x.com\/meinjuvigo\",\"http:\/\/instagram.com\/juvigo_de\/\"]},{\"@type\":\"Person\",\"@id\":\"https:\/\/juvigo.es\/revista\/#\/schema\/person\/53d3d40aa9db5be34e5a16b72d2058d1\",\"name\":\"Rocio\",\"image\":{\"@type\":\"ImageObject\",\"inLanguage\":\"es\",\"@id\":\"https:\/\/juvigo.es\/revista\/#\/schema\/person\/image\/\",\"url\":\"https:\/\/juvigo.es\/revista\/wp-content\/uploads\/2019\/02\/favicon.ico\",\"contentUrl\":\"https:\/\/juvigo.es\/revista\/wp-content\/uploads\/2019\/02\/favicon.ico\",\"caption\":\"Rocio\"},\"url\":\"https:\/\/juvigo.es\/revista\/author\/rocio\/\"}]}<\/script>\n<!-- \/ Yoast SEO plugin. -->","yoast_head_json":{"title":"Calendario escolar 2025\/2026 - Juvigo Revista","description":"En este art\u00edculo te traemos el nuevo calendario escolar 2025\/2026 para que puedas conocer cuando comienzan y terminan las clases.","robots":{"index":"index","follow":"follow","max-snippet":"max-snippet:-1","max-image-preview":"max-image-preview:large","max-video-preview":"max-video-preview:-1"},"canonical":"https:\/\/juvigo.es\/revista\/mas-informacion\/calendario-escolar-2025-2026\/","og_locale":"es_ES","og_type":"article","og_title":"Calendario escolar 2025\/2026 - Juvigo Revista","og_description":"En este art\u00edculo te traemos el nuevo calendario escolar 2025\/2026 para que puedas conocer cuando comienzan y terminan las clases.","og_url":"https:\/\/juvigo.es\/revista\/mas-informacion\/calendario-escolar-2025-2026\/","og_site_name":"Revista Juvigo","article_publisher":"https:\/\/de-de.facebook.com\/meinjuvigo","article_published_time":"2025-07-18T10:03:51+00:00","article_modified_time":"2025-09-04T06:57:27+00:00","og_image":[{"width":2560,"height":1707,"url":"https:\/\/juvigo.es\/revista\/wp-content\/uploads\/2025\/05\/national-cancer-institute-N_aihp118p8-unsplash-1-scaled.jpg","type":"image\/jpeg"}],"author":"Rocio","twitter_card":"summary_large_image","twitter_creator":"@meinjuvigo","twitter_site":"@meinjuvigo","twitter_misc":{"Escrito por":"Rocio","Tiempo de lectura":"4 minutos"},"schema":{"@context":"https:\/\/schema.org","@graph":[{"@type":"Article","@id":"https:\/\/juvigo.es\/revista\/mas-informacion\/calendario-escolar-2025-2026\/#article","isPartOf":{"@id":"https:\/\/juvigo.es\/revista\/mas-informacion\/calendario-escolar-2025-2026\/"},"author":{"name":"Rocio","@id":"https:\/\/juvigo.es\/revista\/#\/schema\/person\/53d3d40aa9db5be34e5a16b72d2058d1"},"headline":"Calendario escolar 2025\/2026","datePublished":"2025-07-18T10:03:51+00:00","dateModified":"2025-09-04T06:57:27+00:00","mainEntityOfPage":{"@id":"https:\/\/juvigo.es\/revista\/mas-informacion\/calendario-escolar-2025-2026\/"},"wordCount":608,"commentCount":0,"publisher":{"@id":"https:\/\/juvigo.es\/revista\/#organization"},"image":{"@id":"https:\/\/juvigo.es\/revista\/mas-informacion\/calendario-escolar-2025-2026\/#primaryimage"},"thumbnailUrl":"https:\/\/juvigo.es\/revista\/wp-content\/uploads\/2025\/05\/national-cancer-institute-N_aihp118p8-unsplash-1-scaled.jpg","articleSection":["M\u00e1s informaci\u00f3n"],"inLanguage":"es","potentialAction":[{"@type":"CommentAction","name":"Comment","target":["https:\/\/juvigo.es\/revista\/mas-informacion\/calendario-escolar-2025-2026\/#respond"]}]},{"@type":"WebPage","@id":"https:\/\/juvigo.es\/revista\/mas-informacion\/calendario-escolar-2025-2026\/","url":"https:\/\/juvigo.es\/revista\/mas-informacion\/calendario-escolar-2025-2026\/","name":"Calendario escolar 2025\/2026 - Juvigo Revista","isPartOf":{"@id":"https:\/\/juvigo.es\/revista\/#website"},"primaryImageOfPage":{"@id":"https:\/\/juvigo.es\/revista\/mas-informacion\/calendario-escolar-2025-2026\/#primaryimage"},"image":{"@id":"https:\/\/juvigo.es\/revista\/mas-informacion\/calendario-escolar-2025-2026\/#primaryimage"},"thumbnailUrl":"https:\/\/juvigo.es\/revista\/wp-content\/uploads\/2025\/05\/national-cancer-institute-N_aihp118p8-unsplash-1-scaled.jpg","datePublished":"2025-07-18T10:03:51+00:00","dateModified":"2025-09-04T06:57:27+00:00","description":"En este art\u00edculo te traemos el nuevo calendario escolar 2025\/2026 para que puedas conocer cuando comienzan y terminan las clases.","breadcrumb":{"@id":"https:\/\/juvigo.es\/revista\/mas-informacion\/calendario-escolar-2025-2026\/#breadcrumb"},"inLanguage":"es","potentialAction":[{"@type":"ReadAction","target":["https:\/\/juvigo.es\/revista\/mas-informacion\/calendario-escolar-2025-2026\/"]}]},{"@type":"ImageObject","inLanguage":"es","@id":"https:\/\/juvigo.es\/revista\/mas-informacion\/calendario-escolar-2025-2026\/#primaryimage","url":"https:\/\/juvigo.es\/revista\/wp-content\/uploads\/2025\/05\/national-cancer-institute-N_aihp118p8-unsplash-1-scaled.jpg","contentUrl":"https:\/\/juvigo.es\/revista\/wp-content\/uploads\/2025\/05\/national-cancer-institute-N_aihp118p8-unsplash-1-scaled.jpg","width":2560,"height":1707},{"@type":"BreadcrumbList","@id":"https:\/\/juvigo.es\/revista\/mas-informacion\/calendario-escolar-2025-2026\/#breadcrumb","itemListElement":[{"@type":"ListItem","position":1,"name":"Revista Juvigo","item":"https:\/\/juvigo.es\/revista\/"},{"@type":"ListItem","position":2,"name":"M\u00e1s informaci\u00f3n","item":"https:\/\/juvigo.es\/revista\/mas-informacion\/"},{"@type":"ListItem","position":3,"name":"Calendario escolar 2025\/2026"}]},{"@type":"WebSite","@id":"https:\/\/juvigo.es\/revista\/#website","url":"https:\/\/juvigo.es\/revista\/","name":"Revista Juvigo","description":"Tu revista digital de campamentos de verano y viajes de idiomas para ni\u00f1os y j\u00f3venes","publisher":{"@id":"https:\/\/juvigo.es\/revista\/#organization"},"potentialAction":[{"@type":"SearchAction","target":{"@type":"EntryPoint","urlTemplate":"https:\/\/juvigo.es\/revista\/?s={search_term_string}"},"query-input":{"@type":"PropertyValueSpecification","valueRequired":true,"valueName":"search_term_string"}}],"inLanguage":"es"},{"@type":"Organization","@id":"https:\/\/juvigo.es\/revista\/#organization","name":"Juvigo GmbH","url":"https:\/\/juvigo.es\/revista\/","logo":{"@type":"ImageObject","inLanguage":"es","@id":"https:\/\/juvigo.es\/revista\/#\/schema\/logo\/image\/","url":"https:\/\/juvigo.es\/revista\/wp-content\/uploads\/2022\/02\/magazine_logo_scaled.png","contentUrl":"https:\/\/juvigo.es\/revista\/wp-content\/uploads\/2022\/02\/magazine_logo_scaled.png","width":240,"height":100,"caption":"Juvigo GmbH"},"image":{"@id":"https:\/\/juvigo.es\/revista\/#\/schema\/logo\/image\/"},"sameAs":["https:\/\/de-de.facebook.com\/meinjuvigo","https:\/\/x.com\/meinjuvigo","http:\/\/instagram.com\/juvigo_de\/"]},{"@type":"Person","@id":"https:\/\/juvigo.es\/revista\/#\/schema\/person\/53d3d40aa9db5be34e5a16b72d2058d1","name":"Rocio","image":{"@type":"ImageObject","inLanguage":"es","@id":"https:\/\/juvigo.es\/revista\/#\/schema\/person\/image\/","url":"https:\/\/juvigo.es\/revista\/wp-content\/uploads\/2019\/02\/favicon.ico","contentUrl":"https:\/\/juvigo.es\/revista\/wp-content\/uploads\/2019\/02\/favicon.ico","caption":"Rocio"},"url":"https:\/\/juvigo.es\/revista\/author\/rocio\/"}]}},"author_meta":{"display_name":"Rocio","author_link":"https:\/\/juvigo.es\/revista\/author\/rocio\/"},"featured_img":"https:\/\/juvigo.es\/revista\/wp-content\/uploads\/2025\/05\/national-cancer-institute-N_aihp118p8-unsplash-1-300x200.jpg","wps_subtitle":"","coauthors":[],"tax_additional":{"categories":{"linked":["<a href=\"https:\/\/juvigo.es\/revista\/mas-informacion\/\" class=\"advgb-post-tax-term\">M\u00e1s informaci\u00f3n<\/a>"],"unlinked":["<span class=\"advgb-post-tax-term\">M\u00e1s informaci\u00f3n<\/span>"]}},"comment_count":"0","relative_dates":{"created":"Publicado 9 meses hace","modified":"Actualizado 8 meses hace"},"absolute_dates":{"created":"Publicado el 18 de julio de 2025","modified":"Actualizado el 4 de septiembre de 2025"},"absolute_dates_time":{"created":"Publicado el 18 de julio de 2025 12:03","modified":"Actualizado el 4 de septiembre de 2025 08:57"},"featured_img_caption":"","series_order":"","_links":{"self":[{"href":"https:\/\/juvigo.es\/revista\/wp-json\/wp\/v2\/posts\/10032","targetHints":{"allow":["GET"]}}],"collection":[{"href":"https:\/\/juvigo.es\/revista\/wp-json\/wp\/v2\/posts"}],"about":[{"href":"https:\/\/juvigo.es\/revista\/wp-json\/wp\/v2\/types\/post"}],"author":[{"embeddable":true,"href":"https:\/\/juvigo.es\/revista\/wp-json\/wp\/v2\/users\/27"}],"replies":[{"embeddable":true,"href":"https:\/\/juvigo.es\/revista\/wp-json\/wp\/v2\/comments?post=10032"}],"version-history":[{"count":2,"href":"https:\/\/juvigo.es\/revista\/wp-json\/wp\/v2\/posts\/10032\/revisions"}],"predecessor-version":[{"id":10038,"href":"https:\/\/juvigo.es\/revista\/wp-json\/wp\/v2\/posts\/10032\/revisions\/10038"}],"wp:featuredmedia":[{"embeddable":true,"href":"https:\/\/juvigo.es\/revista\/wp-json\/wp\/v2\/media\/9916"}],"wp:attachment":[{"href":"https:\/\/juvigo.es\/revista\/wp-json\/wp\/v2\/media?parent=10032"}],"wp:term":[{"taxonomy":"category","embeddable":true,"href":"https:\/\/juvigo.es\/revista\/wp-json\/wp\/v2\/categories?post=10032"},{"taxonomy":"table_tags","embeddable":true,"href":"https:\/\/juvigo.es\/revista\/wp-json\/wp\/v2\/table_tags?post=10032"}],"curies":[{"name":"wp","href":"https:\/\/api.w.org\/{rel}","templated":true}]}}