{"id":8416,"date":"2024-02-22T13:26:21","date_gmt":"2024-02-22T12:26:21","guid":{"rendered":"https:\/\/juvigo.es\/revista\/?p=8416"},"modified":"2025-09-04T09:02:17","modified_gmt":"2025-09-04T07:02:17","slug":"balance-2023","status":"publish","type":"post","link":"https:\/\/juvigo.es\/revista\/prensa\/balance-2023\/","title":{"rendered":"Gracias a una nueva l\u00ednea de negocio: Juvigo vuelve a registrar un crecimiento de dos cifras en 2023"},"content":{"rendered":"\n<p><strong>Berl\u00edn, 20 de febrero de 2024:<\/strong> Juvigo, especialista europea en campamentos de verano, viajes para j\u00f3venes y cursos de idiomas, gener\u00f3 unas ventas de viajes totales de 11,5 millones de euros en 2023, lo que supone un aumento del 15%. Los principales motores de este crecimiento fueron la internalizaci\u00f3n y la reci\u00e9n creada l\u00ednea de cursos de idiomas de Juvigo, que complet\u00f3 con \u00e9xito su primera temporada completa la temporada pasada.<\/p>\n\n\n\n<p>En 2023 se volvieron a reservar casi 140.000 pernoctaciones a trav\u00e9s de Juvigo. La duraci\u00f3n media del viaje fue de 8 d\u00edas a un precio medio de 585 euros.<\/p>\n\n\n\n<p>\u201cLas cifras actuales me demuestran lo esenciales que son el esp\u00edritu de innovaci\u00f3n y la realizaci\u00f3n de nuevas ideas. El continuo crecimiento de las ventas refuerza nuestra determinaci\u00f3n de posicionar a Juvigo como proveedor internacional de campamentos de verano, viajes para j\u00f3venes y cursos de idiomas\u201d, afirma Bj\u00f6rn Viergutz, fundador y director general de Juvigo.<\/p>\n\n\n\n<h2 class=\"wp-block-heading\"><strong>La internacionalizaci\u00f3n y los cursos de idiomas impulsan el crecimiento<\/strong><\/h2>\n\n\n\n<p>Con 11,5 millones de euros, Juvigo ha multiplicado por m\u00e1s de cuatro sus ventas de viajes en comparaci\u00f3n con el a\u00f1o 2019, anterior al coronavirus, cuando ascendieron a 2,7 millones de euros. Este aumento se debe a la decisi\u00f3n estrat\u00e9gica de promover la internacionalizaci\u00f3n en toda Europa incluso durante la pandemia de Coronavirus, adem\u00e1s de los cursos de idiomas propios de Juvigo. La expansi\u00f3n selectiva permiti\u00f3 a la empresa acceder a nuevos mercados y reforzar su presencia en los pa\u00edses existentes. En 2023, Juvigo estaba presente en 9 pa\u00edses europeos, adem\u00e1s de Espa\u00f1a. La plataforma alemana fue responsable de cerca de la mitad de estas reservas, mientras que la mitad restante se reparti\u00f3 entre los otros ocho pa\u00edses. Esto demuestra el creciente alcance internacional en comparaci\u00f3n con el a\u00f1o anterior, para la plataforma de Espa\u00f1a este crecimiento represent\u00f3 un 18% m\u00e1s de reservas y m\u00e1s de 600.000\u20ac de TBV para los organizadores locales.<\/p>\n\n\n\n<h2 class=\"wp-block-heading\"><strong>Ampliaci\u00f3n de la cartera de productos<\/strong><\/h2>\n\n\n\n<p>Las \u00faltimas cifras muestran un claro cambio en el comportamiento de reserva hacia los que reservan con antelaci\u00f3n. En 2023, el tiempo transcurrido entre la reserva y el inicio del viaje fue de 97 d\u00edas, m\u00e1s que nunca. \u201cDespu\u00e9s de que el comportamiento de reserva ya se hubiera normalizado en 2022, la tendencia para 2023 muestra que nuestros clientes tienen una necesidad a\u00fan mayor de seguridad en la planificaci\u00f3n. En propuesta a ello, hemos puesto todo nuestro programa de verano a disposici\u00f3n para su reserva anticipada. Esta es la ventaja de nuestra cartera de productos en constante crecimiento: la amplia gama de productos nos da la flexibilidad necesaria para ajustar la cartera en funci\u00f3n de la demanda y reaccionar ante las fluctuaciones de la misma\u201d, afirma Bj\u00f6rn Viergutz.<\/p>\n\n\n\n<p>Nunca antes se hab\u00edan reservado tantas ofertas diferentes en Juvigo. Mientras que en el a\u00f1o pre-Covid 2019 los clientes solo reservaron 490 ofertas diferentes, esta cifra ascendi\u00f3 a un nuevo m\u00e1ximo de casi 2.000 vacaciones individuales en 2023. Esto demuestra que la empresa est\u00e1 ampliando constantemente su cartera de productos. \u201cNuestro principal objetivo sigue siendo fortalecer nuestros mercados existentes, tanto como mercados de origen como de destino. En este sentido, cabe destacar nuestros propios cursos de verano de Juvigo, para los que hemos introducido muchos programas nuevos en Inglaterra, Irlanda, Malta, Francia y Alemania. Esto nos permite ofrecer a nuestros clientes exactamente lo que buscan, en el momento en que lo necesitan\u201d, afirma Bj\u00f6rn Viergutz.<\/p>\n\n\n\n<h2 class=\"wp-block-heading\"><strong>Juvigo en Espa\u00f1a<\/strong><\/h2>\n\n\n\n<p>En el \u00faltimo a\u00f1o, el mercado espa\u00f1ol tuvo un aumento significativo en el n\u00famero total de noches llegando a cubrirse las 8049 noches totales en Espa\u00f1a. En comparaci\u00f3n con 2022, Espa\u00f1a tuvo un crecimiento del 14% este a\u00f1o. El 10% de las reservas que tuvo para socios espa\u00f1oles fueron de participantes extranjeros que vinieron a Espa\u00f1a despu\u00e9s de reservar en las plataformas Juvigo y el 14,5% de los participantes espa\u00f1oles que reservaron en Juvigo fueron a un campamento de vacaciones en el extranjero.<\/p>\n\n\n\n<h2 class=\"wp-block-heading\"><strong>Perspectivas<\/strong><\/h2>\n\n\n\n<p>\u201cEn 2023 tuvimos un entorno econ\u00f3mico dif\u00edcil, caracterizado por la inflaci\u00f3n y la moderaci\u00f3n del consumo. Seguimos convencidos de que los padres quieren ofrecer a sus hijos unas vacaciones sin preocupaciones. Los campamentos de verano, los viajes para j\u00f3venes y, sobre todo, los cursos de idiomas como viajes educativos, siguen siendo populares y muy demandados. Esperamos que la inflaci\u00f3n descienda en 2024, lo que tambi\u00e9n influir\u00e1 en las decisiones de consumo de los padres\u201d, resume Bj\u00f6rn Viergutz.<\/p>\n\n\n\n<p class=\"has-trawell-txt-color has-text-color\"><strong>Descargar comunicado: <a href=\"https:\/\/juvigo.es\/revista\/wp-content\/uploads\/2024\/05\/20-02-2024_Juvigo-Balance-2023.pdf\">Balance 2023 Juvigo<\/a><\/strong><\/p>\n\n\n\n<p><strong>Descargar foto de Bj\u00f6rn Viergutz aqu\u00ed:<\/strong> <a href=\"https:\/\/juvigo.es\/revista\/wp-content\/uploads\/2022\/10\/banner-revista-ES-3.jpg\"><strong>Bj\u00f6rn Viergutz, CEO Juvigo<\/strong><\/a><\/p>\n\n\n\n<p><\/p>\n","protected":false},"excerpt":{"rendered":"<p>\u2192 Las ventas de viajes aumentan un 15% hasta los 11,5 millones de euros<br \/>\n\u2192 La internalizaci\u00f3n y los cursos de idiomas impulsan el crecimiento<br \/>\n\u2192 Ampliaci\u00f3n de la cartera de productos<\/p>\n","protected":false},"author":27,"featured_media":8417,"comment_status":"open","ping_status":"closed","sticky":false,"template":"","format":"standard","meta":{"advgb_blocks_editor_width":"","advgb_blocks_columns_visual_guide":"","footnotes":"","_links_to":"","_links_to_target":""},"categories":[482],"table_tags":[],"class_list":["post-8416","post","type-post","status-publish","format-standard","has-post-thumbnail","hentry","category-prensa"],"yoast_head":"<!-- This site is optimized with the Yoast SEO plugin v25.8 - https:\/\/yoast.com\/wordpress\/plugins\/seo\/ -->\n<title>Gracias a una nueva l\u00ednea de negocio: Juvigo vuelve a registrar un crecimiento de dos cifras en 2023 - Revista Juvigo<\/title>\n<meta name=\"description\" content=\"Juvigo, gener\u00f3 unas ventas de viajes totales de 11,5 millones de euros en 2023, lo que supone un aumento del 15%.\" \/>\n<meta name=\"robots\" content=\"index, follow, max-snippet:-1, max-image-preview:large, max-video-preview:-1\" \/>\n<link rel=\"canonical\" href=\"https:\/\/juvigo.es\/revista\/prensa\/balance-2023\/\" \/>\n<meta property=\"og:locale\" content=\"es_ES\" \/>\n<meta property=\"og:type\" content=\"article\" \/>\n<meta property=\"og:title\" content=\"Gracias a una nueva l\u00ednea de negocio: Juvigo vuelve a registrar un crecimiento de dos cifras en 2023 - Revista Juvigo\" \/>\n<meta property=\"og:description\" content=\"Juvigo, gener\u00f3 unas ventas de viajes totales de 11,5 millones de euros en 2023, lo que supone un aumento del 15%.\" \/>\n<meta property=\"og:url\" content=\"https:\/\/juvigo.es\/revista\/prensa\/balance-2023\/\" \/>\n<meta property=\"og:site_name\" content=\"Revista Juvigo\" \/>\n<meta property=\"article:publisher\" content=\"https:\/\/de-de.facebook.com\/meinjuvigo\" \/>\n<meta property=\"article:published_time\" content=\"2024-02-22T12:26:21+00:00\" \/>\n<meta property=\"article:modified_time\" content=\"2025-09-04T07:02:17+00:00\" \/>\n<meta property=\"og:image\" content=\"https:\/\/juvigo.es\/revista\/wp-content\/uploads\/2024\/02\/Balance-2023.png\" \/>\n\t<meta property=\"og:image:width\" content=\"1920\" \/>\n\t<meta property=\"og:image:height\" content=\"787\" \/>\n\t<meta property=\"og:image:type\" content=\"image\/png\" \/>\n<meta name=\"author\" content=\"Rocio\" \/>\n<meta name=\"twitter:card\" content=\"summary_large_image\" \/>\n<meta name=\"twitter:creator\" content=\"@meinjuvigo\" \/>\n<meta name=\"twitter:site\" content=\"@meinjuvigo\" \/>\n<meta name=\"twitter:label1\" content=\"Escrito por\" \/>\n\t<meta name=\"twitter:data1\" content=\"Rocio\" \/>\n\t<meta name=\"twitter:label2\" content=\"Tiempo de lectura\" \/>\n\t<meta name=\"twitter:data2\" content=\"4 minutos\" \/>\n<script type=\"application\/ld+json\" class=\"yoast-schema-graph\">{\"@context\":\"https:\/\/schema.org\",\"@graph\":[{\"@type\":\"Article\",\"@id\":\"https:\/\/juvigo.es\/revista\/prensa\/balance-2023\/#article\",\"isPartOf\":{\"@id\":\"https:\/\/juvigo.es\/revista\/prensa\/balance-2023\/\"},\"author\":{\"name\":\"Rocio\",\"@id\":\"https:\/\/juvigo.es\/revista\/#\/schema\/person\/53d3d40aa9db5be34e5a16b72d2058d1\"},\"headline\":\"Gracias a una nueva l\u00ednea de negocio: Juvigo vuelve a registrar un crecimiento de dos cifras en 2023\",\"datePublished\":\"2024-02-22T12:26:21+00:00\",\"dateModified\":\"2025-09-04T07:02:17+00:00\",\"mainEntityOfPage\":{\"@id\":\"https:\/\/juvigo.es\/revista\/prensa\/balance-2023\/\"},\"wordCount\":801,\"commentCount\":0,\"publisher\":{\"@id\":\"https:\/\/juvigo.es\/revista\/#organization\"},\"image\":{\"@id\":\"https:\/\/juvigo.es\/revista\/prensa\/balance-2023\/#primaryimage\"},\"thumbnailUrl\":\"https:\/\/juvigo.es\/revista\/wp-content\/uploads\/2024\/02\/Balance-2023.png\",\"articleSection\":[\"Noticias y comunicados de prensa\"],\"inLanguage\":\"es\",\"potentialAction\":[{\"@type\":\"CommentAction\",\"name\":\"Comment\",\"target\":[\"https:\/\/juvigo.es\/revista\/prensa\/balance-2023\/#respond\"]}]},{\"@type\":\"WebPage\",\"@id\":\"https:\/\/juvigo.es\/revista\/prensa\/balance-2023\/\",\"url\":\"https:\/\/juvigo.es\/revista\/prensa\/balance-2023\/\",\"name\":\"Gracias a una nueva l\u00ednea de negocio: Juvigo vuelve a registrar un crecimiento de dos cifras en 2023 - Revista Juvigo\",\"isPartOf\":{\"@id\":\"https:\/\/juvigo.es\/revista\/#website\"},\"primaryImageOfPage\":{\"@id\":\"https:\/\/juvigo.es\/revista\/prensa\/balance-2023\/#primaryimage\"},\"image\":{\"@id\":\"https:\/\/juvigo.es\/revista\/prensa\/balance-2023\/#primaryimage\"},\"thumbnailUrl\":\"https:\/\/juvigo.es\/revista\/wp-content\/uploads\/2024\/02\/Balance-2023.png\",\"datePublished\":\"2024-02-22T12:26:21+00:00\",\"dateModified\":\"2025-09-04T07:02:17+00:00\",\"description\":\"Juvigo, gener\u00f3 unas ventas de viajes totales de 11,5 millones de euros en 2023, lo que supone un aumento del 15%.\",\"breadcrumb\":{\"@id\":\"https:\/\/juvigo.es\/revista\/prensa\/balance-2023\/#breadcrumb\"},\"inLanguage\":\"es\",\"potentialAction\":[{\"@type\":\"ReadAction\",\"target\":[\"https:\/\/juvigo.es\/revista\/prensa\/balance-2023\/\"]}]},{\"@type\":\"ImageObject\",\"inLanguage\":\"es\",\"@id\":\"https:\/\/juvigo.es\/revista\/prensa\/balance-2023\/#primaryimage\",\"url\":\"https:\/\/juvigo.es\/revista\/wp-content\/uploads\/2024\/02\/Balance-2023.png\",\"contentUrl\":\"https:\/\/juvigo.es\/revista\/wp-content\/uploads\/2024\/02\/Balance-2023.png\",\"width\":1920,\"height\":787},{\"@type\":\"BreadcrumbList\",\"@id\":\"https:\/\/juvigo.es\/revista\/prensa\/balance-2023\/#breadcrumb\",\"itemListElement\":[{\"@type\":\"ListItem\",\"position\":1,\"name\":\"Revista Juvigo\",\"item\":\"https:\/\/juvigo.es\/revista\/\"},{\"@type\":\"ListItem\",\"position\":2,\"name\":\"Noticias y comunicados de prensa\",\"item\":\"https:\/\/juvigo.es\/revista\/prensa\/\"},{\"@type\":\"ListItem\",\"position\":3,\"name\":\"Gracias a una nueva l\u00ednea de negocio: Juvigo vuelve a registrar un crecimiento de dos cifras en 2023\"}]},{\"@type\":\"WebSite\",\"@id\":\"https:\/\/juvigo.es\/revista\/#website\",\"url\":\"https:\/\/juvigo.es\/revista\/\",\"name\":\"Revista Juvigo\",\"description\":\"Tu revista digital de campamentos de verano y viajes de idiomas para ni\u00f1os y j\u00f3venes\",\"publisher\":{\"@id\":\"https:\/\/juvigo.es\/revista\/#organization\"},\"potentialAction\":[{\"@type\":\"SearchAction\",\"target\":{\"@type\":\"EntryPoint\",\"urlTemplate\":\"https:\/\/juvigo.es\/revista\/?s={search_term_string}\"},\"query-input\":{\"@type\":\"PropertyValueSpecification\",\"valueRequired\":true,\"valueName\":\"search_term_string\"}}],\"inLanguage\":\"es\"},{\"@type\":\"Organization\",\"@id\":\"https:\/\/juvigo.es\/revista\/#organization\",\"name\":\"Juvigo GmbH\",\"url\":\"https:\/\/juvigo.es\/revista\/\",\"logo\":{\"@type\":\"ImageObject\",\"inLanguage\":\"es\",\"@id\":\"https:\/\/juvigo.es\/revista\/#\/schema\/logo\/image\/\",\"url\":\"https:\/\/juvigo.es\/revista\/wp-content\/uploads\/2022\/02\/magazine_logo_scaled.png\",\"contentUrl\":\"https:\/\/juvigo.es\/revista\/wp-content\/uploads\/2022\/02\/magazine_logo_scaled.png\",\"width\":240,\"height\":100,\"caption\":\"Juvigo GmbH\"},\"image\":{\"@id\":\"https:\/\/juvigo.es\/revista\/#\/schema\/logo\/image\/\"},\"sameAs\":[\"https:\/\/de-de.facebook.com\/meinjuvigo\",\"https:\/\/x.com\/meinjuvigo\",\"http:\/\/instagram.com\/juvigo_de\/\"]},{\"@type\":\"Person\",\"@id\":\"https:\/\/juvigo.es\/revista\/#\/schema\/person\/53d3d40aa9db5be34e5a16b72d2058d1\",\"name\":\"Rocio\",\"image\":{\"@type\":\"ImageObject\",\"inLanguage\":\"es\",\"@id\":\"https:\/\/juvigo.es\/revista\/#\/schema\/person\/image\/\",\"url\":\"https:\/\/juvigo.es\/revista\/wp-content\/uploads\/2019\/02\/favicon.ico\",\"contentUrl\":\"https:\/\/juvigo.es\/revista\/wp-content\/uploads\/2019\/02\/favicon.ico\",\"caption\":\"Rocio\"},\"url\":\"https:\/\/juvigo.es\/revista\/author\/rocio\/\"}]}<\/script>\n<!-- \/ Yoast SEO plugin. -->","yoast_head_json":{"title":"Gracias a una nueva l\u00ednea de negocio: Juvigo vuelve a registrar un crecimiento de dos cifras en 2023 - Revista Juvigo","description":"Juvigo, gener\u00f3 unas ventas de viajes totales de 11,5 millones de euros en 2023, lo que supone un aumento del 15%.","robots":{"index":"index","follow":"follow","max-snippet":"max-snippet:-1","max-image-preview":"max-image-preview:large","max-video-preview":"max-video-preview:-1"},"canonical":"https:\/\/juvigo.es\/revista\/prensa\/balance-2023\/","og_locale":"es_ES","og_type":"article","og_title":"Gracias a una nueva l\u00ednea de negocio: Juvigo vuelve a registrar un crecimiento de dos cifras en 2023 - Revista Juvigo","og_description":"Juvigo, gener\u00f3 unas ventas de viajes totales de 11,5 millones de euros en 2023, lo que supone un aumento del 15%.","og_url":"https:\/\/juvigo.es\/revista\/prensa\/balance-2023\/","og_site_name":"Revista Juvigo","article_publisher":"https:\/\/de-de.facebook.com\/meinjuvigo","article_published_time":"2024-02-22T12:26:21+00:00","article_modified_time":"2025-09-04T07:02:17+00:00","og_image":[{"width":1920,"height":787,"url":"https:\/\/juvigo.es\/revista\/wp-content\/uploads\/2024\/02\/Balance-2023.png","type":"image\/png"}],"author":"Rocio","twitter_card":"summary_large_image","twitter_creator":"@meinjuvigo","twitter_site":"@meinjuvigo","twitter_misc":{"Escrito por":"Rocio","Tiempo de lectura":"4 minutos"},"schema":{"@context":"https:\/\/schema.org","@graph":[{"@type":"Article","@id":"https:\/\/juvigo.es\/revista\/prensa\/balance-2023\/#article","isPartOf":{"@id":"https:\/\/juvigo.es\/revista\/prensa\/balance-2023\/"},"author":{"name":"Rocio","@id":"https:\/\/juvigo.es\/revista\/#\/schema\/person\/53d3d40aa9db5be34e5a16b72d2058d1"},"headline":"Gracias a una nueva l\u00ednea de negocio: Juvigo vuelve a registrar un crecimiento de dos cifras en 2023","datePublished":"2024-02-22T12:26:21+00:00","dateModified":"2025-09-04T07:02:17+00:00","mainEntityOfPage":{"@id":"https:\/\/juvigo.es\/revista\/prensa\/balance-2023\/"},"wordCount":801,"commentCount":0,"publisher":{"@id":"https:\/\/juvigo.es\/revista\/#organization"},"image":{"@id":"https:\/\/juvigo.es\/revista\/prensa\/balance-2023\/#primaryimage"},"thumbnailUrl":"https:\/\/juvigo.es\/revista\/wp-content\/uploads\/2024\/02\/Balance-2023.png","articleSection":["Noticias y comunicados de prensa"],"inLanguage":"es","potentialAction":[{"@type":"CommentAction","name":"Comment","target":["https:\/\/juvigo.es\/revista\/prensa\/balance-2023\/#respond"]}]},{"@type":"WebPage","@id":"https:\/\/juvigo.es\/revista\/prensa\/balance-2023\/","url":"https:\/\/juvigo.es\/revista\/prensa\/balance-2023\/","name":"Gracias a una nueva l\u00ednea de negocio: Juvigo vuelve a registrar un crecimiento de dos cifras en 2023 - Revista Juvigo","isPartOf":{"@id":"https:\/\/juvigo.es\/revista\/#website"},"primaryImageOfPage":{"@id":"https:\/\/juvigo.es\/revista\/prensa\/balance-2023\/#primaryimage"},"image":{"@id":"https:\/\/juvigo.es\/revista\/prensa\/balance-2023\/#primaryimage"},"thumbnailUrl":"https:\/\/juvigo.es\/revista\/wp-content\/uploads\/2024\/02\/Balance-2023.png","datePublished":"2024-02-22T12:26:21+00:00","dateModified":"2025-09-04T07:02:17+00:00","description":"Juvigo, gener\u00f3 unas ventas de viajes totales de 11,5 millones de euros en 2023, lo que supone un aumento del 15%.","breadcrumb":{"@id":"https:\/\/juvigo.es\/revista\/prensa\/balance-2023\/#breadcrumb"},"inLanguage":"es","potentialAction":[{"@type":"ReadAction","target":["https:\/\/juvigo.es\/revista\/prensa\/balance-2023\/"]}]},{"@type":"ImageObject","inLanguage":"es","@id":"https:\/\/juvigo.es\/revista\/prensa\/balance-2023\/#primaryimage","url":"https:\/\/juvigo.es\/revista\/wp-content\/uploads\/2024\/02\/Balance-2023.png","contentUrl":"https:\/\/juvigo.es\/revista\/wp-content\/uploads\/2024\/02\/Balance-2023.png","width":1920,"height":787},{"@type":"BreadcrumbList","@id":"https:\/\/juvigo.es\/revista\/prensa\/balance-2023\/#breadcrumb","itemListElement":[{"@type":"ListItem","position":1,"name":"Revista Juvigo","item":"https:\/\/juvigo.es\/revista\/"},{"@type":"ListItem","position":2,"name":"Noticias y comunicados de prensa","item":"https:\/\/juvigo.es\/revista\/prensa\/"},{"@type":"ListItem","position":3,"name":"Gracias a una nueva l\u00ednea de negocio: Juvigo vuelve a registrar un crecimiento de dos cifras en 2023"}]},{"@type":"WebSite","@id":"https:\/\/juvigo.es\/revista\/#website","url":"https:\/\/juvigo.es\/revista\/","name":"Revista Juvigo","description":"Tu revista digital de campamentos de verano y viajes de idiomas para ni\u00f1os y j\u00f3venes","publisher":{"@id":"https:\/\/juvigo.es\/revista\/#organization"},"potentialAction":[{"@type":"SearchAction","target":{"@type":"EntryPoint","urlTemplate":"https:\/\/juvigo.es\/revista\/?s={search_term_string}"},"query-input":{"@type":"PropertyValueSpecification","valueRequired":true,"valueName":"search_term_string"}}],"inLanguage":"es"},{"@type":"Organization","@id":"https:\/\/juvigo.es\/revista\/#organization","name":"Juvigo GmbH","url":"https:\/\/juvigo.es\/revista\/","logo":{"@type":"ImageObject","inLanguage":"es","@id":"https:\/\/juvigo.es\/revista\/#\/schema\/logo\/image\/","url":"https:\/\/juvigo.es\/revista\/wp-content\/uploads\/2022\/02\/magazine_logo_scaled.png","contentUrl":"https:\/\/juvigo.es\/revista\/wp-content\/uploads\/2022\/02\/magazine_logo_scaled.png","width":240,"height":100,"caption":"Juvigo GmbH"},"image":{"@id":"https:\/\/juvigo.es\/revista\/#\/schema\/logo\/image\/"},"sameAs":["https:\/\/de-de.facebook.com\/meinjuvigo","https:\/\/x.com\/meinjuvigo","http:\/\/instagram.com\/juvigo_de\/"]},{"@type":"Person","@id":"https:\/\/juvigo.es\/revista\/#\/schema\/person\/53d3d40aa9db5be34e5a16b72d2058d1","name":"Rocio","image":{"@type":"ImageObject","inLanguage":"es","@id":"https:\/\/juvigo.es\/revista\/#\/schema\/person\/image\/","url":"https:\/\/juvigo.es\/revista\/wp-content\/uploads\/2019\/02\/favicon.ico","contentUrl":"https:\/\/juvigo.es\/revista\/wp-content\/uploads\/2019\/02\/favicon.ico","caption":"Rocio"},"url":"https:\/\/juvigo.es\/revista\/author\/rocio\/"}]}},"author_meta":{"display_name":"Rocio","author_link":"https:\/\/juvigo.es\/revista\/author\/rocio\/"},"featured_img":"https:\/\/juvigo.es\/revista\/wp-content\/uploads\/2024\/02\/Balance-2023-300x123.png","wps_subtitle":"","coauthors":[],"tax_additional":{"categories":{"linked":["<a href=\"https:\/\/juvigo.es\/revista\/prensa\/\" class=\"advgb-post-tax-term\">Noticias y comunicados de prensa<\/a>"],"unlinked":["<span class=\"advgb-post-tax-term\">Noticias y comunicados de prensa<\/span>"]}},"comment_count":"0","relative_dates":{"created":"Publicado 2 a\u00f1os hace","modified":"Actualizado 8 meses hace"},"absolute_dates":{"created":"Publicado el 22 de febrero de 2024","modified":"Actualizado el 4 de septiembre de 2025"},"absolute_dates_time":{"created":"Publicado el 22 de febrero de 2024 13:26","modified":"Actualizado el 4 de septiembre de 2025 09:02"},"featured_img_caption":"","series_order":"","_links":{"self":[{"href":"https:\/\/juvigo.es\/revista\/wp-json\/wp\/v2\/posts\/8416","targetHints":{"allow":["GET"]}}],"collection":[{"href":"https:\/\/juvigo.es\/revista\/wp-json\/wp\/v2\/posts"}],"about":[{"href":"https:\/\/juvigo.es\/revista\/wp-json\/wp\/v2\/types\/post"}],"author":[{"embeddable":true,"href":"https:\/\/juvigo.es\/revista\/wp-json\/wp\/v2\/users\/27"}],"replies":[{"embeddable":true,"href":"https:\/\/juvigo.es\/revista\/wp-json\/wp\/v2\/comments?post=8416"}],"version-history":[{"count":9,"href":"https:\/\/juvigo.es\/revista\/wp-json\/wp\/v2\/posts\/8416\/revisions"}],"predecessor-version":[{"id":9275,"href":"https:\/\/juvigo.es\/revista\/wp-json\/wp\/v2\/posts\/8416\/revisions\/9275"}],"wp:featuredmedia":[{"embeddable":true,"href":"https:\/\/juvigo.es\/revista\/wp-json\/wp\/v2\/media\/8417"}],"wp:attachment":[{"href":"https:\/\/juvigo.es\/revista\/wp-json\/wp\/v2\/media?parent=8416"}],"wp:term":[{"taxonomy":"category","embeddable":true,"href":"https:\/\/juvigo.es\/revista\/wp-json\/wp\/v2\/categories?post=8416"},{"taxonomy":"table_tags","embeddable":true,"href":"https:\/\/juvigo.es\/revista\/wp-json\/wp\/v2\/table_tags?post=8416"}],"curies":[{"name":"wp","href":"https:\/\/api.w.org\/{rel}","templated":true}]}}