{"id":9374,"date":"2025-02-06T16:35:39","date_gmt":"2025-02-06T15:35:39","guid":{"rendered":"https:\/\/juvigo.es\/revista\/?p=9374"},"modified":"2025-09-22T14:35:02","modified_gmt":"2025-09-22T12:35:02","slug":"entrevista-a-nuestro-companero-sergio-su-experiencia-en-juvigo","status":"publish","type":"post","link":"https:\/\/juvigo.es\/revista\/mas-informacion\/entrevista-a-nuestro-companero-sergio-su-experiencia-en-juvigo\/","title":{"rendered":"Entrevista a nuestro compa\u00f1ero Sergio- Su experiencia en Juvigo"},"content":{"rendered":"\n<div class=\"wp-block-group is-nowrap is-layout-flex wp-container-core-group-is-layout-ad2f72ca wp-block-group-is-layout-flex\">\n<p>En Juvigo, todo gira en torno a la colaboraci\u00f3n, el crecimiento y el disfrute del trabajo. Pero, \u00bfqu\u00e9 significa eso en la pr\u00e1ctica? En esta serie de entrevistas, antiguos compa\u00f1eros de Juvigo comparten historias de su periodo de pr\u00e1cticas. Desde la incorporaci\u00f3n hasta las responsabilidades que desarrollaron durante su periodo de pr\u00e1cticas, descubra de forma honesta e inspiradora c\u00f3mo es formar parte de nuestro equipo.<\/p>\n<\/div>\n\n\n\n<p><\/p>\n\n\n\n<p>En esta ocasi\u00f3n, tenemos el placer de conocer la experiencia de nuestro compa\u00f1ero Sergio, que termin\u00f3 sus pr\u00e1cticas el pasado 31 de enero. Sergio ha dejado una huella en nuestro equipo, tanto profesional como personalmente. <\/p>\n\n\n\n<p>Siempre dispuesto a ayudar a quien lo necesitara, con una sonrisa y con mucho entusiasmo, Sergio marc\u00f3 un antes y un despu\u00e9s en Juvigo. \u00a1Ser\u00e1s extra\u00f1ado por siempre!<\/p>\n\n\n\n<h2 class=\"wp-block-heading\"><strong>\u00bfPuedes presentarte?<\/strong> <\/h2>\n\n\n<div class=\"wp-block-image is-style-rounded\">\n<figure class=\"alignright size-full is-resized\"><img decoding=\"async\" width=\"215\" height=\"215\" data-src=\"https:\/\/juvigo.es\/revista\/wp-content\/uploads\/2025\/02\/Sergio-Daly-Terren.jpeg\" alt=\"\" class=\"wp-image-9376 lazyload\" style=\"--smush-placeholder-width: 215px; --smush-placeholder-aspect-ratio: 215\/215;width:327px;height:auto\" data-srcset=\"https:\/\/juvigo.es\/revista\/wp-content\/uploads\/2025\/02\/Sergio-Daly-Terren.jpeg 215w, https:\/\/juvigo.es\/revista\/wp-content\/uploads\/2025\/02\/Sergio-Daly-Terren-150x150.jpeg 150w\" data-sizes=\"(max-width: 215px) 100vw, 215px\" src=\"data:image\/svg+xml;base64,PHN2ZyB3aWR0aD0iMSIgaGVpZ2h0PSIxIiB4bWxucz0iaHR0cDovL3d3dy53My5vcmcvMjAwMC9zdmciPjwvc3ZnPg==\" \/><\/figure><\/div>\n\n\n<p>Pues claro, s\u00ed. Nada, yo soy Sergio Daly, soy un estudiante de la Universidad de Valencia. Actualmente estoy estudiando un m\u00e1ster en internacionalizaci\u00f3n econ\u00f3mica, pero previamente me gradu\u00e9 hace un a\u00f1o en negocios internacionales. Y nada, bueno, hace poco acab\u00e9 mis pr\u00e1cticas en Juvigo como Content Marketing and Communications Intern en esta empresa y nada, eso ser\u00eda un poco qui\u00e9n soy yo y lo que hago.<\/p>\n\n\n\n<p>Comenc\u00e9 mis pr\u00e1cticas el 1 de agosto de 2024 y las finalic\u00e9 hace poqu\u00edsimo el 31 de enero de 2025.&nbsp;<\/p>\n\n\n\n<p><\/p>\n\n\n\n<h4 class=\"wp-block-heading\"><strong>\u00bfY cu\u00e1l fue tu rol dentro del equipo?<\/strong><\/h4>\n\n\n\n<p>Pues mi rol dentro del equipo, como comentaba, fue encargarme un poco de la creaci\u00f3n de contenido un poco enfocado a marketing y tambi\u00e9n de las comunicaciones. B\u00e1sicamente, mis tareas iban desde la actualizaci\u00f3n de los camps, creaci\u00f3n de los camps, pasando por newsletters, tareas de SEO y marketing digital, customer service y partner acquisition.&nbsp;<\/p>\n\n\n<div class=\"wp-block-image\">\n<figure class=\"alignleft size-full is-resized\"><img decoding=\"async\" width=\"756\" height=\"1008\" data-src=\"https:\/\/juvigo.es\/revista\/wp-content\/uploads\/2025\/02\/IMG-20241205-WA0066-1.jpg\" alt=\"\" class=\"wp-image-9395 lazyload\" style=\"--smush-placeholder-width: 756px; --smush-placeholder-aspect-ratio: 756\/1008;width:323px;height:auto\" data-srcset=\"https:\/\/juvigo.es\/revista\/wp-content\/uploads\/2025\/02\/IMG-20241205-WA0066-1.jpg 756w, https:\/\/juvigo.es\/revista\/wp-content\/uploads\/2025\/02\/IMG-20241205-WA0066-1-225x300.jpg 225w, https:\/\/juvigo.es\/revista\/wp-content\/uploads\/2025\/02\/IMG-20241205-WA0066-1-600x800.jpg 600w, https:\/\/juvigo.es\/revista\/wp-content\/uploads\/2025\/02\/IMG-20241205-WA0066-1-380x507.jpg 380w, https:\/\/juvigo.es\/revista\/wp-content\/uploads\/2025\/02\/IMG-20241205-WA0066-1-247x330.jpg 247w, https:\/\/juvigo.es\/revista\/wp-content\/uploads\/2025\/02\/IMG-20241205-WA0066-1-278x371.jpg 278w\" data-sizes=\"(max-width: 756px) 100vw, 756px\" src=\"data:image\/svg+xml;base64,PHN2ZyB3aWR0aD0iMSIgaGVpZ2h0PSIxIiB4bWxucz0iaHR0cDovL3d3dy53My5vcmcvMjAwMC9zdmciPjwvc3ZnPg==\" \/><\/figure><\/div>\n\n\n<h4 class=\"wp-block-heading\"><strong>\u00bfC\u00f3mo describir\u00edas tu experiencia en general en Juvigo?<\/strong><\/h4>\n\n\n\n<p><\/p>\n\n\n\n<p>Pues bueno, mi experiencia en general en Juvigo ha sido muy muy buena. Desde que empec\u00e9 he tenido una experiencia genial porque todo el mundo me ha tratado genial, he podido ser yo mismo, aprender tanto profesional como personalmente, y es una experiencia de la cual he aprendido muchas cosas, he crecido much\u00edsimo, y adem\u00e1s me llevo a personas fant\u00e1sticas de la empresa, con lo cual creo que he cumplido todos los objetivos que me hab\u00eda propuesto viniendo a Juvigo.\u00a0<\/p>\n\n\n\n<p><\/p>\n\n\n\n<p><\/p>\n\n\n\n<p><\/p>\n\n\n\n<h4 class=\"wp-block-heading\"><strong>\u00bfCu\u00e1l fue lo que m\u00e1s te gust\u00f3 de tus pr\u00e1cticas en Juvigo?<\/strong><\/h4>\n\n\n\n<p>Pues realmente el ambiente internacional en la oficina, que yo creo que es tambi\u00e9n lo que me ha permitido ser yo mismo, tanto en el terreno personal como en el profesional, es decir, en ese ambiente internacional es donde yo realmente he podido ser yo mismo, aplicar todos mis conocimientos y tambi\u00e9n por todo el ambiente que existe tanto y de cultura de trabajo. Eso es lo que a m\u00ed me ha permitido adaptarme muy bien a la oficina, a mis tareas.&nbsp;<\/p>\n\n\n\n<p>Siempre poder preguntar todo lo que necesitaba y poco a poco ir aprendiendo cada vez m\u00e1s r\u00e1pido hasta que finalmente ya era, por as\u00ed decirlo, un experto en las tareas. Y eso es lo que me ha permitido tanto poder ayudar como yo aprender.<\/p>\n\n\n\n<h4 class=\"wp-block-heading\"><strong>\u00bfQu\u00e9 desaf\u00edos enfrentaste durante tus pr\u00e1cticas y c\u00f3mo los superaste?<\/strong><\/h4>\n\n\n\n<p>Pues como desaf\u00edos te dir\u00eda al principio adaptarme un poco a todo. Es decir, claro, son muchas cosas al principio, son muchos trainings, mucha informaci\u00f3n. Puede ser un poco quiz\u00e1s agobiante, \u00bfno? No es simplemente culpa de nadie, sino que pues al final vas a un sitio, necesitas aprender r\u00e1pido para poder colaborar y eso te puede un poco agobiar. Por querer aportar y no poder porque no tienes el suficiente conocimiento ni experiencia con las herramientas, la plataforma, etc\u00e9tera.&nbsp;<\/p>\n\n\n\n<p>Pero bueno, c\u00f3mo lo super\u00e9, pues yo creo que simplemente con trabajo, es decir, tratando de poner el m\u00e1ximo inter\u00e9s posible, tratando de estar atento a todos los detalles, preguntando siempre, y tambi\u00e9n eso es gracias a que todo el mundo siempre ha estado disponible para tambi\u00e9n responderme, con lo cual yo creo que fue c\u00f3mo lo super\u00e9, as\u00ed.&nbsp;<\/p>\n\n\n\n<h4 class=\"wp-block-heading\"><strong>\u00bfY recibiste suficiente orientaci\u00f3n durante tus pr\u00e1cticas? \u00bfPuedes dar ejemplos de c\u00f3mo te apoyaron?<\/strong><\/h4>\n\n\n\n<p>S\u00ed, la verdad es que siempre he recibido much\u00edsima orientaci\u00f3n, tanto de recursos humanos, pero especialmente de Miguel y Guillermo, como mi team lead y como mi product manager del mercado espa\u00f1ol, siempre que yo he necesitado cualquier cosa, una duda con respecto a una tarea, un consejo, una mano para poder llevar a cabo alguna de las tareas que he tenido que realizar, pues ellos siempre han estado disponibles, as\u00ed como tambi\u00e9n Graciela y Joana, tambi\u00e9n siempre colaborando con cualquier cosa que pod\u00eda surgir.&nbsp;<\/p>\n\n\n\n<p>Y la verdad es que ha sido un trabajo todo el rato bastante en equipo, es decir, que no ha sido yo simplemente trabajando, sino siempre colaborando tanto con Miguel, con Guillermo, para que todo saliese adelante, y tambi\u00e9n con el resto de mis compa\u00f1eros.<\/p>\n\n\n\n<p><\/p>\n\n\n<div class=\"wp-block-image\">\n<figure class=\"aligncenter size-full is-resized\"><img decoding=\"async\" width=\"719\" height=\"576\" data-src=\"https:\/\/juvigo.es\/revista\/wp-content\/uploads\/2025\/02\/image-1.png\" alt=\"\" class=\"wp-image-9381 lazyload\" style=\"--smush-placeholder-width: 719px; --smush-placeholder-aspect-ratio: 719\/576;width:588px;height:auto\" data-srcset=\"https:\/\/juvigo.es\/revista\/wp-content\/uploads\/2025\/02\/image-1.png 719w, https:\/\/juvigo.es\/revista\/wp-content\/uploads\/2025\/02\/image-1-300x240.png 300w, https:\/\/juvigo.es\/revista\/wp-content\/uploads\/2025\/02\/image-1-600x481.png 600w\" data-sizes=\"(max-width: 719px) 100vw, 719px\" src=\"data:image\/svg+xml;base64,PHN2ZyB3aWR0aD0iMSIgaGVpZ2h0PSIxIiB4bWxucz0iaHR0cDovL3d3dy53My5vcmcvMjAwMC9zdmciPjwvc3ZnPg==\" \/><\/figure><\/div>\n\n\n<p><\/p>\n\n\n\n<h4 class=\"wp-block-heading\"><strong>\u00bfY c\u00f3mo difirieron tus expectativas previas a las pr\u00e1cticas de la experiencia real?<\/strong><\/h4>\n\n\n\n<p>Pues realmente s\u00ed que han sido como me las esperaba. Incluso realmente esperaba que el ambiente fuese incluso no tan bueno como realmente lo ha sido. As\u00ed que realmente la diferencia en expectativas creo que ha sido a favor de Juvigo, por as\u00ed decirlo. He tenido una experiencia mejor de la que me esperaba, tanto en la oficina como en mis tareas.<\/p>\n\n\n\n<p>Y tambi\u00e9n en la propia ciudad de Berl\u00edn, que al final tambi\u00e9n es parte de la experiencia. Con lo cual creo que en favor de esta experiencia debe decir que las expectativas han superado, la realidad ha superado las expectativas que yo ten\u00eda, con lo cual, pues much\u00edsimo mejor.&nbsp;<\/p>\n\n\n\n<h4 class=\"wp-block-heading\"><strong>\u00bfY qu\u00e9 aspecto de tus pr\u00e1cticas en Juigo te sorprendi\u00f3 m\u00e1s? Algo inesperado.<\/strong><\/h4>\n\n\n\n<p>Pues al final creo que es la variedad de tareas que se puede llegar a tener con un solo puesto. Es decir, que no es simplemente al tener que realizar muchos tipos diferentes de tareas, es una de las cosas que m\u00e1s me ha sorprendido el que todas las personas est\u00e9n implicadas en la mayor\u00eda de aspectos en los que se trabaja en un mercado en particular, en nuestro caso, pues el mercado espa\u00f1ol es algo que me ha sorprendido para bien, es decir, que al final todos nos involucramos en muchos aspectos diferentes y eso es algo que creo que es positivo y que sobre todo para experiencias como la nuestra de pr\u00e1cticas,<\/p>\n\n\n\n<p>Creo que es muy importante porque as\u00ed te permite conocer diferentes tareas y tambi\u00e9n saber un poco lo que quieres hacer o no en el futuro y tambi\u00e9n sobre todo aprender, con lo cual es algo que me ha sorprendido para bien tambi\u00e9n.<\/p>\n\n\n\n<p><\/p>\n\n\n\n<p><\/p>\n\n\n\n<h4 class=\"wp-block-heading\"><strong>\u00bfPodr\u00edas describir un d\u00eda t\u00edpico en Juvigo? \u00bfQu\u00e9 era lo que hac\u00edas durante tu semana?<\/strong>&nbsp;<\/h4>\n\n\n\n<p>Pues durante una semana o un d\u00eda en Juvigo, pues realmente siempre lo que siempre hemos tenido, aunque ahora yo no he llegado a estar en la fase de temporada alta, pero siempre hemos tenido customer service, es decir, parte de mi d\u00eda a d\u00eda tambi\u00e9n era contestar las llamadas, y responder a los mensajes o emails de nuestros clientes como tarea siempre principal y prioritaria. Pero adem\u00e1s de eso, el d\u00eda a d\u00eda siempre ha sido estando en contacto con Guillermo para llevar a cabo actualizaciones de campamentos, creaciones de campamentos de los diferentes socios que iban teniendo sus campamentos listos para actualizar. <\/p>\n\n\n\n<p>Tambi\u00e9n la publicaci\u00f3n de la newsletter, que ha sido algo de lo que me he encargado desde que llegu\u00e9, aunque tuvimos un par\u00f3n en el medio, pero luego finalmente s\u00ed que continu\u00e9 haciendo la tarea. Incluso creo que la hemos llevado al siguiente nivel con respecto a lo que ten\u00edamos anteriormente, con lo cual muy bien. Y tambi\u00e9n dedicado un poco a SEO, tanto optimizaci\u00f3n de SEO como Keyword Research y otras tareas relacionadas con eso. Con lo cual ese era un poco mi d\u00eda a d\u00eda, repartirme entre esos tres grupos grandes de tareas.<\/p>\n\n\n\n<h4 class=\"wp-block-heading\"><strong>\u00bfAprendiste nuevas habilidades durante tus pr\u00e1cticas?<\/strong> <\/h4>\n\n\n<div class=\"wp-block-image\">\n<figure class=\"alignright size-large is-resized\"><img decoding=\"async\" width=\"768\" height=\"1024\" data-src=\"https:\/\/juvigo.es\/revista\/wp-content\/uploads\/2025\/02\/IMG_8107-1-768x1024.jpg\" alt=\"\" class=\"wp-image-9388 lazyload\" style=\"--smush-placeholder-width: 768px; --smush-placeholder-aspect-ratio: 768\/1024;width:332px;height:auto\" data-srcset=\"https:\/\/juvigo.es\/revista\/wp-content\/uploads\/2025\/02\/IMG_8107-1-768x1024.jpg 768w, https:\/\/juvigo.es\/revista\/wp-content\/uploads\/2025\/02\/IMG_8107-1-225x300.jpg 225w, https:\/\/juvigo.es\/revista\/wp-content\/uploads\/2025\/02\/IMG_8107-1-600x800.jpg 600w, https:\/\/juvigo.es\/revista\/wp-content\/uploads\/2025\/02\/IMG_8107-1-800x1067.jpg 800w, https:\/\/juvigo.es\/revista\/wp-content\/uploads\/2025\/02\/IMG_8107-1-380x507.jpg 380w, https:\/\/juvigo.es\/revista\/wp-content\/uploads\/2025\/02\/IMG_8107-1-247x330.jpg 247w, https:\/\/juvigo.es\/revista\/wp-content\/uploads\/2025\/02\/IMG_8107-1-278x371.jpg 278w, https:\/\/juvigo.es\/revista\/wp-content\/uploads\/2025\/02\/IMG_8107-1.jpg 1071w\" data-sizes=\"(max-width: 768px) 100vw, 768px\" src=\"data:image\/svg+xml;base64,PHN2ZyB3aWR0aD0iMSIgaGVpZ2h0PSIxIiB4bWxucz0iaHR0cDovL3d3dy53My5vcmcvMjAwMC9zdmciPjwvc3ZnPg==\" \/><\/figure><\/div>\n\n\n<p>Pues s\u00ed, la verdad es que realmente s\u00ed que he aprendido much\u00edsimas habilidades. Por ejemplo, hablando del Customer Service, pues la verdad es que vine teniendo un poco de inseguridad, quiz\u00e1s miedo a coger el tel\u00e9fono, a no saber qui\u00e9n hab\u00eda al otro lado, miedo a responder a las otras personas y al final es algo que en lo que creo que me he convertido en una persona mucho m\u00e1s segura.&nbsp;<\/p>\n\n\n\n<p>Para hablar por tel\u00e9fono he perdido ese miedo y eso es algo que es s\u00faper valioso y es una habilidad que podr\u00eda llevar y seguro utilizar en otros trabajos o incluso en la vida misma.<\/p>\n\n\n\n<p>Y despu\u00e9s, en cuanto a SEO, tambi\u00e9n era algo en lo que yo era bastante nuevo. Entonces, en marketing digital, la verdad es que he aprendido much\u00edsimo, tanto conceptualmente como tambi\u00e9n en la pr\u00e1ctica, de realizar tareas. Y s\u00ed, yo te dir\u00eda que esos han sido los mayores aprendizajes que creo que me he llevado en las pr\u00e1cticas.&nbsp;<\/p>\n\n\n\n<h4 class=\"wp-block-heading\"><strong>\u00bfY hubo alg\u00fan momento o alg\u00fan d\u00eda durante tus pr\u00e1cticas en Juvigo en el que te sentiste especialmente orgulloso?<\/strong><\/h4>\n\n\n\n<p>Pues yo creo que te dir\u00eda que quiz\u00e1s fue el \u00faltimo, por ver todo el efecto que hab\u00eda tenido, ya no solo en mi equipo, sino en el resto de equipos, y no solo a nivel profesional, sino tambi\u00e9n a nivel humano, tener el reconocimiento tanto de Miguel como Team Lead, un poco a efectos profesionales, pero tambi\u00e9n tener el cari\u00f1o de todas las personas que conforman la empresa y ver el buen impacto que yo he tenido en estos seis meses.<\/p>\n\n\n\n<p>Eso me hizo sentirme muy orgulloso de todo el camino que he recorrido en estos seis meses con la empresa y me hizo estar muy contento y muy orgulloso de m\u00ed mismo, del trabajo realizado y tambi\u00e9n orgulloso de haber formado las amistades que he formado. Con lo cual, yo creo que ese ser\u00eda el momento pico de orgullo.<\/p>\n\n\n\n<h4 class=\"wp-block-heading\"><strong>&nbsp;\u00bfY ten\u00edas alguna tarea o alg\u00fan proyecto que fuera tu favorito?<\/strong><\/h4>\n\n\n\n<p>Pues como proyecto favorito a lo mejor te dir\u00eda\u2026 No favorito por el contenido, por la tarea en s\u00ed, sino por lo que creo que hemos realizado, es la newsletter. Es decir, fue una cosa que realmente hemos empezado desde el principio.&nbsp;<\/p>\n\n\n\n<p>Pero tambi\u00e9n es algo bonito que nosotros, como interns, hayamos podido crear algo desde cero, \u00bfno? Y por eso te dir\u00eda que es el proyecto que, al haberlo empezado desde cero, es quiz\u00e1s el que mejor o m\u00e1s cari\u00f1o le tengo porque de verdad hemos colaborado en ello activamente, de hecho, comenz\u00e1ndolo y dejando todo un proceso escrito que todos los dem\u00e1s compa\u00f1eros y, bueno, trabajadores de Juvigo podr\u00e1n utilizar. Y creo que eso es algo que, por el impacto que hemos tenido sobre eso, es de lo que yo m\u00e1s orgulloso me sentir\u00eda o el que m\u00e1s me ha gustado.<\/p>\n\n\n\n<h4 class=\"wp-block-heading\"><strong>\u00bfHas tenido la oportunidad de proponer proyectos o iniciativas en general?<\/strong>&nbsp;<\/h4>\n\n\n\n<p>S\u00ed, constantemente, todo el tiempo. Eso es algo que, como dec\u00eda, he valorado much\u00edsimo. Es decir, el estar en contacto directo con Miguel, con Guillermo.. El poder proponerles cualquier cosa, cualquier aspecto de mejora, incluso ya no solo como proyecto, sino en cualquier detalle que yo ve\u00eda margen de mejora.&nbsp;<\/p>\n\n\n\n<p>Siempre he tenido total libertad para poder comentarlo, lo hemos debatido, lo hemos sugerido, obtenido respuestas r\u00e1pidamente y tambi\u00e9n en caso de dudas, como comentaba, siempre han estado ah\u00ed para orientarme, para aconsejarme. Pero en cuanto a proponer aspectos de mejora por mi parte, tambi\u00e9n eso lo incluye. La comunicaci\u00f3n fluida tambi\u00e9n inclu\u00eda ese aspecto.&nbsp;<\/p>\n\n\n\n<h4 class=\"wp-block-heading\"><strong>\u00bfY c\u00f3mo describir\u00edas la cultura de trabajo en Juvigo?<\/strong><\/h4>\n\n\n<div class=\"wp-block-image\">\n<figure class=\"alignleft size-full is-resized\"><img decoding=\"async\" width=\"1008\" height=\"756\" data-src=\"https:\/\/juvigo.es\/revista\/wp-content\/uploads\/2025\/02\/res-1.jpg\" alt=\"\" class=\"wp-image-9377 lazyload\" style=\"--smush-placeholder-width: 1008px; --smush-placeholder-aspect-ratio: 1008\/756;width:383px;height:auto\" data-srcset=\"https:\/\/juvigo.es\/revista\/wp-content\/uploads\/2025\/02\/res-1.jpg 1008w, https:\/\/juvigo.es\/revista\/wp-content\/uploads\/2025\/02\/res-1-141x106.jpg 141w, https:\/\/juvigo.es\/revista\/wp-content\/uploads\/2025\/02\/res-1-380x285.jpg 380w, https:\/\/juvigo.es\/revista\/wp-content\/uploads\/2025\/02\/res-1-247x186.jpg 247w\" data-sizes=\"(max-width: 1008px) 100vw, 1008px\" src=\"data:image\/svg+xml;base64,PHN2ZyB3aWR0aD0iMSIgaGVpZ2h0PSIxIiB4bWxucz0iaHR0cDovL3d3dy53My5vcmcvMjAwMC9zdmciPjwvc3ZnPg==\" \/><\/figure><\/div>\n\n\n<p>Pues la describir\u00eda como una cultura de trabajo muy buena, en la que siempre hay un buen rollo en la oficina permanentemente, que te permite trabajar, pero a la vez disfrutar de tu tiempo en la oficina, porque creo que eso te ayuda a ser m\u00e1s productivo y a querer estar en la oficina, es decir, a llegar a la oficina todos los d\u00edas con una sonrisa, que eso es algo que sin duda, aunque muchas veces puede que ni siquiera te des cuenta, pero eso es algo que realmente pues ayuda a que t\u00fa quieras estar en la oficina y a que disfrutes de tu tiempo en la oficina.&nbsp;&nbsp;<\/p>\n\n\n\n<p>Las personas que tanto, no solo del mercado espa\u00f1ol, sino de tambi\u00e9n ib\u00e9rico en general, contando con Joana y tambi\u00e9n otros mercados, al introducirnos en la nueva plataforma desde la que envi\u00e1bamos las newsletters, pues fue algo que sobre lo que nos tuvimos que adaptar, realizar un poco desde cero la estrategia, los templates que necesit\u00e1bamos para poder poner todo en funcionamiento. Y al principio s\u00ed que podr\u00edamos decir que fue estresante porque necesit\u00e1bamos tener todo listo cuanto antes y poner todo eso a funcionar.<\/p>\n\n\n\n<p>Y eso pues seguro se traslada a todas las tareas, al trabajo, a la comunicaci\u00f3n, que habl\u00e1bamos tambi\u00e9n, etc\u00e9tera, e incluso comunicaci\u00f3n entre mercados, con lo cual es algo que no solo se aplica a nuestro mercado, sino a toda la empresa, y es algo que yo podr\u00eda describir como muy buena, y es algo, como dec\u00eda, de los aspectos que m\u00e1s he valorado y que m\u00e1s me ha gustado de esta experiencia.<\/p>\n\n\n\n<h4 class=\"wp-block-heading\"><strong>\u00bfTe sentiste parte del equipo durante tus pr\u00e1cticas? \u00bfPuedes dar un ejemplo?<\/strong><\/h4>\n\n\n\n<p>Sobre sentirme parte del equipo, te dir\u00eda que s\u00ed, desde el minuto uno, y eso es algo que valoro much\u00edsimo. Tanto los anteriores compa\u00f1eros que ten\u00edamos en el mercado ib\u00e9rico, como Guillermo y Miguel, s\u00ed que me han hecho sentir parte del equipo desde el primer momento.<\/p>\n\n\n\n<p>Despu\u00e9s, con todos los compa\u00f1eros nuevos que han ido entrando, ha ocurrido exactamente lo mismo. Desde el primer momento, se me han dado responsabilidades y se ha confiado en m\u00ed, siempre con orientaci\u00f3n, pero tambi\u00e9n d\u00e1ndome autonom\u00eda. Creo que esta combinaci\u00f3n es muy positiva: recibir orientaci\u00f3n y, a la vez, tener la responsabilidad de encargarme de tareas importantes. No se me ha tratado como un simple becario, sino como alguien que realmente forma parte de la empresa y puede desempe\u00f1ar un rol activo. Eso es algo que he valorado much\u00edsimo y por lo que tambi\u00e9n estoy muy agradecido.<\/p>\n\n\n\n<p>En cuanto a las relaciones personales, destacar\u00eda en primer lugar al Team Lead, Miguel y Guillermo. Desde el primer minuto estuvieron ah\u00ed para guiarme, ayudarme, recibirme en el equipo y apoyarme en todo lo necesario. Son relaciones que me llev\u00f3 m\u00e1s all\u00e1 de la oficina y que me ayudaron mucho, tanto al principio como a lo largo de todas las pr\u00e1cticas.<\/p>\n\n\n\n<p>Tambi\u00e9n he construido relaciones con otras personas que han ido entrando, tanto otros compa\u00f1eros de distintos mercados como compa\u00f1eros de nuestro equipo. Incluso en Recursos Humanos siempre han estado ah\u00ed para ayudarme y orientarme cuando lo he necesitado. Pero, si tuviese que destacar a alguien, sin duda ser\u00edan las personas del equipo ib\u00e9rico con las que he tenido m\u00e1s relaci\u00f3n: Miguel, Guillermo, Graciela y Joana. Son con quienes m\u00e1s tiempo he compartido y con quienes he vivido los mejores momentos durante estas pr\u00e1cticas.<\/p>\n\n\n\n<h3 class=\"wp-block-heading\"><strong>\u00bfQu\u00e9 le dir\u00edas a los pr\u00f3ximos compa\u00f1eros?<\/strong><\/h3>\n\n\n\n<p>Les dir\u00eda que aprovechen la oportunidad al m\u00e1ximo. Es una experiencia incre\u00edble para aprender much\u00edsimas cosas y para vivir en una ciudad que, al principio, puede parecer un reto si eres de Espa\u00f1a o de otro pa\u00eds. Es normal sentirse fuera de lugar al principio, pero es algo que te ayuda a crecer tanto personal como profesionalmente.<\/p>\n\n\n\n<p>Creo que este es un lugar ideal para aprender cosas nuevas, para integrarse en un ambiente de oficina internacional y para dar un paso adelante en la carrera profesional. Si lo que buscas es una experiencia real, donde puedas asumir responsabilidades y aprender de verdad, esta es una gran oportunidad.<\/p>\n\n\n\n<p>Mi consejo es que lo aprovechen, que den lo mejor de s\u00ed mismos y que se apoyen en el equipo. Tanto Miguel, Guillermo como el resto de la empresa estar\u00e1n siempre ah\u00ed para tender una mano y ayudarles a crecer. Es una oportunidad \u00fanica de aprendizaje y crecimiento, as\u00ed que \u00a1a por todas!<\/p>\n\n\n<div class=\"wp-block-image\">\n<figure class=\"alignleft size-large is-resized\"><img decoding=\"async\" width=\"768\" height=\"1024\" data-src=\"https:\/\/juvigo.es\/revista\/wp-content\/uploads\/2024\/11\/trabajar-en-juvigo-768x1024.jpg\" alt=\"trabajar en juvigo con el team juvigo\" class=\"wp-image-9219 lazyload\" style=\"--smush-placeholder-width: 768px; --smush-placeholder-aspect-ratio: 768\/1024;width:371px;height:auto\" data-srcset=\"https:\/\/juvigo.es\/revista\/wp-content\/uploads\/2024\/11\/trabajar-en-juvigo-768x1024.jpg 768w, https:\/\/juvigo.es\/revista\/wp-content\/uploads\/2024\/11\/trabajar-en-juvigo-225x300.jpg 225w, https:\/\/juvigo.es\/revista\/wp-content\/uploads\/2024\/11\/trabajar-en-juvigo-1152x1536.jpg 1152w, https:\/\/juvigo.es\/revista\/wp-content\/uploads\/2024\/11\/trabajar-en-juvigo-600x800.jpg 600w, https:\/\/juvigo.es\/revista\/wp-content\/uploads\/2024\/11\/trabajar-en-juvigo-800x1067.jpg 800w, https:\/\/juvigo.es\/revista\/wp-content\/uploads\/2024\/11\/trabajar-en-juvigo-380x507.jpg 380w, https:\/\/juvigo.es\/revista\/wp-content\/uploads\/2024\/11\/trabajar-en-juvigo-247x330.jpg 247w, https:\/\/juvigo.es\/revista\/wp-content\/uploads\/2024\/11\/trabajar-en-juvigo-278x371.jpg 278w, https:\/\/juvigo.es\/revista\/wp-content\/uploads\/2024\/11\/trabajar-en-juvigo.jpg 1200w\" data-sizes=\"(max-width: 768px) 100vw, 768px\" src=\"data:image\/svg+xml;base64,PHN2ZyB3aWR0aD0iMSIgaGVpZ2h0PSIxIiB4bWxucz0iaHR0cDovL3d3dy53My5vcmcvMjAwMC9zdmciPjwvc3ZnPg==\" \/><\/figure><\/div>\n\n\n<p><\/p>\n\n\n\n<h3 class=\"wp-block-heading\">\u00a1\u00danete a Nosotros!<\/h3>\n\n\n\n<p>Si est\u00e1s interesado en formar parte de una empresa que valora a su equipo, no dudes en comenzar el proceso de selecci\u00f3n en Juvigo. Puedes explorar nuestra&nbsp;<a href=\"https:\/\/juvigo.careers\/jobs\/?language_spec=spanish\">web<\/a>&nbsp;o enviarnos un correo a career@juvigo.de<\/p>\n\n\n\n<p><\/p>\n\n\n\n<p>Descubre en nuestro&nbsp;<a href=\"https:\/\/juvigo.careers\/career\/working-at-juvigo\/juvigo-attractive-for-you-professionals\/\" target=\"_blank\" rel=\"noreferrer noopener\">art\u00edculo<\/a>&nbsp;por qu\u00e9 Juvigo es una opci\u00f3n atractiva para j\u00f3venes profesionales.<\/p>\n\n\n\n<p><\/p>\n\n\n\n<p>El proceso de selecci\u00f3n en Juvigo est\u00e1 dise\u00f1ado para encontrar a los mejores talentos. \u00bfEst\u00e1s listo para dar el siguiente paso en tu carrera?<\/p>\n","protected":false},"excerpt":{"rendered":"<p>En Juvigo, todo gira en torno a la colaboraci\u00f3n, el crecimiento y el disfrute del trabajo. Pero, \u00bfqu\u00e9 significa eso en la pr\u00e1ctica? En esta serie de entrevistas, antiguos compa\u00f1eros de Juvigo comparten historias de su periodo de pr\u00e1cticas. Desde la incorporaci\u00f3n hasta las responsabilidades que desarrollaron durante su periodo de pr\u00e1cticas, descubra de forma [&hellip;]<\/p>\n","protected":false},"author":27,"featured_media":9381,"comment_status":"open","ping_status":"closed","sticky":false,"template":"","format":"standard","meta":{"advgb_blocks_editor_width":"","advgb_blocks_columns_visual_guide":"","footnotes":"","_links_to":"","_links_to_target":""},"categories":[4,1],"table_tags":[],"class_list":["post-9374","post","type-post","status-publish","format-standard","has-post-thumbnail","hentry","category-entrevistas","category-mas-informacion"],"yoast_head":"<!-- This site is optimized with the Yoast SEO plugin v25.8 - https:\/\/yoast.com\/wordpress\/plugins\/seo\/ -->\n<title>Entrevista a nuestro compa\u00f1ero Sergio- Su experiencia en Juvigo - Juvigo Revista<\/title>\n<meta name=\"description\" content=\"Desde tareas de marketing digital hasta atenci\u00f3n al cliente y adquisici\u00f3n de socios. Una visi\u00f3n interna de su paso por el equipo Ib\u00e9rico.\" \/>\n<meta name=\"robots\" content=\"index, follow, max-snippet:-1, max-image-preview:large, max-video-preview:-1\" \/>\n<link rel=\"canonical\" href=\"https:\/\/juvigo.es\/revista\/mas-informacion\/entrevista-a-nuestro-companero-sergio-su-experiencia-en-juvigo\/\" \/>\n<meta property=\"og:locale\" content=\"es_ES\" \/>\n<meta property=\"og:type\" content=\"article\" \/>\n<meta property=\"og:title\" content=\"Entrevista a nuestro compa\u00f1ero Sergio- Su experiencia en Juvigo - Juvigo Revista\" \/>\n<meta property=\"og:description\" content=\"Desde tareas de marketing digital hasta atenci\u00f3n al cliente y adquisici\u00f3n de socios. Una visi\u00f3n interna de su paso por el equipo Ib\u00e9rico.\" \/>\n<meta property=\"og:url\" content=\"https:\/\/juvigo.es\/revista\/mas-informacion\/entrevista-a-nuestro-companero-sergio-su-experiencia-en-juvigo\/\" \/>\n<meta property=\"og:site_name\" content=\"Revista Juvigo\" \/>\n<meta property=\"article:publisher\" content=\"https:\/\/de-de.facebook.com\/meinjuvigo\" \/>\n<meta property=\"article:published_time\" content=\"2025-02-06T15:35:39+00:00\" \/>\n<meta property=\"article:modified_time\" content=\"2025-09-22T12:35:02+00:00\" \/>\n<meta property=\"og:image\" content=\"https:\/\/juvigo.es\/revista\/wp-content\/uploads\/2025\/02\/image-1.png\" \/>\n\t<meta property=\"og:image:width\" content=\"719\" \/>\n\t<meta property=\"og:image:height\" content=\"576\" \/>\n\t<meta property=\"og:image:type\" content=\"image\/png\" \/>\n<meta name=\"author\" content=\"Rocio\" \/>\n<meta name=\"twitter:card\" content=\"summary_large_image\" \/>\n<meta name=\"twitter:creator\" content=\"@meinjuvigo\" \/>\n<meta name=\"twitter:site\" content=\"@meinjuvigo\" \/>\n<meta name=\"twitter:label1\" content=\"Escrito por\" \/>\n\t<meta name=\"twitter:data1\" content=\"Rocio\" \/>\n\t<meta name=\"twitter:label2\" content=\"Tiempo de lectura\" \/>\n\t<meta name=\"twitter:data2\" content=\"14 minutos\" \/>\n<script type=\"application\/ld+json\" class=\"yoast-schema-graph\">{\"@context\":\"https:\/\/schema.org\",\"@graph\":[{\"@type\":\"Article\",\"@id\":\"https:\/\/juvigo.es\/revista\/mas-informacion\/entrevista-a-nuestro-companero-sergio-su-experiencia-en-juvigo\/#article\",\"isPartOf\":{\"@id\":\"https:\/\/juvigo.es\/revista\/mas-informacion\/entrevista-a-nuestro-companero-sergio-su-experiencia-en-juvigo\/\"},\"author\":{\"name\":\"Rocio\",\"@id\":\"https:\/\/juvigo.es\/revista\/#\/schema\/person\/53d3d40aa9db5be34e5a16b72d2058d1\"},\"headline\":\"Entrevista a nuestro compa\u00f1ero Sergio- Su experiencia en Juvigo\",\"datePublished\":\"2025-02-06T15:35:39+00:00\",\"dateModified\":\"2025-09-22T12:35:02+00:00\",\"mainEntityOfPage\":{\"@id\":\"https:\/\/juvigo.es\/revista\/mas-informacion\/entrevista-a-nuestro-companero-sergio-su-experiencia-en-juvigo\/\"},\"wordCount\":2979,\"commentCount\":0,\"publisher\":{\"@id\":\"https:\/\/juvigo.es\/revista\/#organization\"},\"image\":{\"@id\":\"https:\/\/juvigo.es\/revista\/mas-informacion\/entrevista-a-nuestro-companero-sergio-su-experiencia-en-juvigo\/#primaryimage\"},\"thumbnailUrl\":\"https:\/\/juvigo.es\/revista\/wp-content\/uploads\/2025\/02\/image-1.png\",\"articleSection\":[\"Entrevistas\",\"M\u00e1s informaci\u00f3n\"],\"inLanguage\":\"es\",\"potentialAction\":[{\"@type\":\"CommentAction\",\"name\":\"Comment\",\"target\":[\"https:\/\/juvigo.es\/revista\/mas-informacion\/entrevista-a-nuestro-companero-sergio-su-experiencia-en-juvigo\/#respond\"]}]},{\"@type\":\"WebPage\",\"@id\":\"https:\/\/juvigo.es\/revista\/mas-informacion\/entrevista-a-nuestro-companero-sergio-su-experiencia-en-juvigo\/\",\"url\":\"https:\/\/juvigo.es\/revista\/mas-informacion\/entrevista-a-nuestro-companero-sergio-su-experiencia-en-juvigo\/\",\"name\":\"Entrevista a nuestro compa\u00f1ero Sergio- Su experiencia en Juvigo - Juvigo Revista\",\"isPartOf\":{\"@id\":\"https:\/\/juvigo.es\/revista\/#website\"},\"primaryImageOfPage\":{\"@id\":\"https:\/\/juvigo.es\/revista\/mas-informacion\/entrevista-a-nuestro-companero-sergio-su-experiencia-en-juvigo\/#primaryimage\"},\"image\":{\"@id\":\"https:\/\/juvigo.es\/revista\/mas-informacion\/entrevista-a-nuestro-companero-sergio-su-experiencia-en-juvigo\/#primaryimage\"},\"thumbnailUrl\":\"https:\/\/juvigo.es\/revista\/wp-content\/uploads\/2025\/02\/image-1.png\",\"datePublished\":\"2025-02-06T15:35:39+00:00\",\"dateModified\":\"2025-09-22T12:35:02+00:00\",\"description\":\"Desde tareas de marketing digital hasta atenci\u00f3n al cliente y adquisici\u00f3n de socios. Una visi\u00f3n interna de su paso por el equipo Ib\u00e9rico.\",\"breadcrumb\":{\"@id\":\"https:\/\/juvigo.es\/revista\/mas-informacion\/entrevista-a-nuestro-companero-sergio-su-experiencia-en-juvigo\/#breadcrumb\"},\"inLanguage\":\"es\",\"potentialAction\":[{\"@type\":\"ReadAction\",\"target\":[\"https:\/\/juvigo.es\/revista\/mas-informacion\/entrevista-a-nuestro-companero-sergio-su-experiencia-en-juvigo\/\"]}]},{\"@type\":\"ImageObject\",\"inLanguage\":\"es\",\"@id\":\"https:\/\/juvigo.es\/revista\/mas-informacion\/entrevista-a-nuestro-companero-sergio-su-experiencia-en-juvigo\/#primaryimage\",\"url\":\"https:\/\/juvigo.es\/revista\/wp-content\/uploads\/2025\/02\/image-1.png\",\"contentUrl\":\"https:\/\/juvigo.es\/revista\/wp-content\/uploads\/2025\/02\/image-1.png\",\"width\":719,\"height\":576},{\"@type\":\"BreadcrumbList\",\"@id\":\"https:\/\/juvigo.es\/revista\/mas-informacion\/entrevista-a-nuestro-companero-sergio-su-experiencia-en-juvigo\/#breadcrumb\",\"itemListElement\":[{\"@type\":\"ListItem\",\"position\":1,\"name\":\"Revista Juvigo\",\"item\":\"https:\/\/juvigo.es\/revista\/\"},{\"@type\":\"ListItem\",\"position\":2,\"name\":\"M\u00e1s informaci\u00f3n\",\"item\":\"https:\/\/juvigo.es\/revista\/mas-informacion\/\"},{\"@type\":\"ListItem\",\"position\":3,\"name\":\"Entrevista a nuestro compa\u00f1ero Sergio- Su experiencia en Juvigo\"}]},{\"@type\":\"WebSite\",\"@id\":\"https:\/\/juvigo.es\/revista\/#website\",\"url\":\"https:\/\/juvigo.es\/revista\/\",\"name\":\"Revista Juvigo\",\"description\":\"Tu revista digital de campamentos de verano y viajes de idiomas para ni\u00f1os y j\u00f3venes\",\"publisher\":{\"@id\":\"https:\/\/juvigo.es\/revista\/#organization\"},\"potentialAction\":[{\"@type\":\"SearchAction\",\"target\":{\"@type\":\"EntryPoint\",\"urlTemplate\":\"https:\/\/juvigo.es\/revista\/?s={search_term_string}\"},\"query-input\":{\"@type\":\"PropertyValueSpecification\",\"valueRequired\":true,\"valueName\":\"search_term_string\"}}],\"inLanguage\":\"es\"},{\"@type\":\"Organization\",\"@id\":\"https:\/\/juvigo.es\/revista\/#organization\",\"name\":\"Juvigo GmbH\",\"url\":\"https:\/\/juvigo.es\/revista\/\",\"logo\":{\"@type\":\"ImageObject\",\"inLanguage\":\"es\",\"@id\":\"https:\/\/juvigo.es\/revista\/#\/schema\/logo\/image\/\",\"url\":\"https:\/\/juvigo.es\/revista\/wp-content\/uploads\/2022\/02\/magazine_logo_scaled.png\",\"contentUrl\":\"https:\/\/juvigo.es\/revista\/wp-content\/uploads\/2022\/02\/magazine_logo_scaled.png\",\"width\":240,\"height\":100,\"caption\":\"Juvigo GmbH\"},\"image\":{\"@id\":\"https:\/\/juvigo.es\/revista\/#\/schema\/logo\/image\/\"},\"sameAs\":[\"https:\/\/de-de.facebook.com\/meinjuvigo\",\"https:\/\/x.com\/meinjuvigo\",\"http:\/\/instagram.com\/juvigo_de\/\"]},{\"@type\":\"Person\",\"@id\":\"https:\/\/juvigo.es\/revista\/#\/schema\/person\/53d3d40aa9db5be34e5a16b72d2058d1\",\"name\":\"Rocio\",\"image\":{\"@type\":\"ImageObject\",\"inLanguage\":\"es\",\"@id\":\"https:\/\/juvigo.es\/revista\/#\/schema\/person\/image\/\",\"url\":\"https:\/\/juvigo.es\/revista\/wp-content\/uploads\/2019\/02\/favicon.ico\",\"contentUrl\":\"https:\/\/juvigo.es\/revista\/wp-content\/uploads\/2019\/02\/favicon.ico\",\"caption\":\"Rocio\"},\"url\":\"https:\/\/juvigo.es\/revista\/author\/rocio\/\"}]}<\/script>\n<!-- \/ Yoast SEO plugin. -->","yoast_head_json":{"title":"Entrevista a nuestro compa\u00f1ero Sergio- Su experiencia en Juvigo - Juvigo Revista","description":"Desde tareas de marketing digital hasta atenci\u00f3n al cliente y adquisici\u00f3n de socios. Una visi\u00f3n interna de su paso por el equipo Ib\u00e9rico.","robots":{"index":"index","follow":"follow","max-snippet":"max-snippet:-1","max-image-preview":"max-image-preview:large","max-video-preview":"max-video-preview:-1"},"canonical":"https:\/\/juvigo.es\/revista\/mas-informacion\/entrevista-a-nuestro-companero-sergio-su-experiencia-en-juvigo\/","og_locale":"es_ES","og_type":"article","og_title":"Entrevista a nuestro compa\u00f1ero Sergio- Su experiencia en Juvigo - Juvigo Revista","og_description":"Desde tareas de marketing digital hasta atenci\u00f3n al cliente y adquisici\u00f3n de socios. Una visi\u00f3n interna de su paso por el equipo Ib\u00e9rico.","og_url":"https:\/\/juvigo.es\/revista\/mas-informacion\/entrevista-a-nuestro-companero-sergio-su-experiencia-en-juvigo\/","og_site_name":"Revista Juvigo","article_publisher":"https:\/\/de-de.facebook.com\/meinjuvigo","article_published_time":"2025-02-06T15:35:39+00:00","article_modified_time":"2025-09-22T12:35:02+00:00","og_image":[{"width":719,"height":576,"url":"https:\/\/juvigo.es\/revista\/wp-content\/uploads\/2025\/02\/image-1.png","type":"image\/png"}],"author":"Rocio","twitter_card":"summary_large_image","twitter_creator":"@meinjuvigo","twitter_site":"@meinjuvigo","twitter_misc":{"Escrito por":"Rocio","Tiempo de lectura":"14 minutos"},"schema":{"@context":"https:\/\/schema.org","@graph":[{"@type":"Article","@id":"https:\/\/juvigo.es\/revista\/mas-informacion\/entrevista-a-nuestro-companero-sergio-su-experiencia-en-juvigo\/#article","isPartOf":{"@id":"https:\/\/juvigo.es\/revista\/mas-informacion\/entrevista-a-nuestro-companero-sergio-su-experiencia-en-juvigo\/"},"author":{"name":"Rocio","@id":"https:\/\/juvigo.es\/revista\/#\/schema\/person\/53d3d40aa9db5be34e5a16b72d2058d1"},"headline":"Entrevista a nuestro compa\u00f1ero Sergio- Su experiencia en Juvigo","datePublished":"2025-02-06T15:35:39+00:00","dateModified":"2025-09-22T12:35:02+00:00","mainEntityOfPage":{"@id":"https:\/\/juvigo.es\/revista\/mas-informacion\/entrevista-a-nuestro-companero-sergio-su-experiencia-en-juvigo\/"},"wordCount":2979,"commentCount":0,"publisher":{"@id":"https:\/\/juvigo.es\/revista\/#organization"},"image":{"@id":"https:\/\/juvigo.es\/revista\/mas-informacion\/entrevista-a-nuestro-companero-sergio-su-experiencia-en-juvigo\/#primaryimage"},"thumbnailUrl":"https:\/\/juvigo.es\/revista\/wp-content\/uploads\/2025\/02\/image-1.png","articleSection":["Entrevistas","M\u00e1s informaci\u00f3n"],"inLanguage":"es","potentialAction":[{"@type":"CommentAction","name":"Comment","target":["https:\/\/juvigo.es\/revista\/mas-informacion\/entrevista-a-nuestro-companero-sergio-su-experiencia-en-juvigo\/#respond"]}]},{"@type":"WebPage","@id":"https:\/\/juvigo.es\/revista\/mas-informacion\/entrevista-a-nuestro-companero-sergio-su-experiencia-en-juvigo\/","url":"https:\/\/juvigo.es\/revista\/mas-informacion\/entrevista-a-nuestro-companero-sergio-su-experiencia-en-juvigo\/","name":"Entrevista a nuestro compa\u00f1ero Sergio- Su experiencia en Juvigo - Juvigo Revista","isPartOf":{"@id":"https:\/\/juvigo.es\/revista\/#website"},"primaryImageOfPage":{"@id":"https:\/\/juvigo.es\/revista\/mas-informacion\/entrevista-a-nuestro-companero-sergio-su-experiencia-en-juvigo\/#primaryimage"},"image":{"@id":"https:\/\/juvigo.es\/revista\/mas-informacion\/entrevista-a-nuestro-companero-sergio-su-experiencia-en-juvigo\/#primaryimage"},"thumbnailUrl":"https:\/\/juvigo.es\/revista\/wp-content\/uploads\/2025\/02\/image-1.png","datePublished":"2025-02-06T15:35:39+00:00","dateModified":"2025-09-22T12:35:02+00:00","description":"Desde tareas de marketing digital hasta atenci\u00f3n al cliente y adquisici\u00f3n de socios. Una visi\u00f3n interna de su paso por el equipo Ib\u00e9rico.","breadcrumb":{"@id":"https:\/\/juvigo.es\/revista\/mas-informacion\/entrevista-a-nuestro-companero-sergio-su-experiencia-en-juvigo\/#breadcrumb"},"inLanguage":"es","potentialAction":[{"@type":"ReadAction","target":["https:\/\/juvigo.es\/revista\/mas-informacion\/entrevista-a-nuestro-companero-sergio-su-experiencia-en-juvigo\/"]}]},{"@type":"ImageObject","inLanguage":"es","@id":"https:\/\/juvigo.es\/revista\/mas-informacion\/entrevista-a-nuestro-companero-sergio-su-experiencia-en-juvigo\/#primaryimage","url":"https:\/\/juvigo.es\/revista\/wp-content\/uploads\/2025\/02\/image-1.png","contentUrl":"https:\/\/juvigo.es\/revista\/wp-content\/uploads\/2025\/02\/image-1.png","width":719,"height":576},{"@type":"BreadcrumbList","@id":"https:\/\/juvigo.es\/revista\/mas-informacion\/entrevista-a-nuestro-companero-sergio-su-experiencia-en-juvigo\/#breadcrumb","itemListElement":[{"@type":"ListItem","position":1,"name":"Revista Juvigo","item":"https:\/\/juvigo.es\/revista\/"},{"@type":"ListItem","position":2,"name":"M\u00e1s informaci\u00f3n","item":"https:\/\/juvigo.es\/revista\/mas-informacion\/"},{"@type":"ListItem","position":3,"name":"Entrevista a nuestro compa\u00f1ero Sergio- Su experiencia en Juvigo"}]},{"@type":"WebSite","@id":"https:\/\/juvigo.es\/revista\/#website","url":"https:\/\/juvigo.es\/revista\/","name":"Revista Juvigo","description":"Tu revista digital de campamentos de verano y viajes de idiomas para ni\u00f1os y j\u00f3venes","publisher":{"@id":"https:\/\/juvigo.es\/revista\/#organization"},"potentialAction":[{"@type":"SearchAction","target":{"@type":"EntryPoint","urlTemplate":"https:\/\/juvigo.es\/revista\/?s={search_term_string}"},"query-input":{"@type":"PropertyValueSpecification","valueRequired":true,"valueName":"search_term_string"}}],"inLanguage":"es"},{"@type":"Organization","@id":"https:\/\/juvigo.es\/revista\/#organization","name":"Juvigo GmbH","url":"https:\/\/juvigo.es\/revista\/","logo":{"@type":"ImageObject","inLanguage":"es","@id":"https:\/\/juvigo.es\/revista\/#\/schema\/logo\/image\/","url":"https:\/\/juvigo.es\/revista\/wp-content\/uploads\/2022\/02\/magazine_logo_scaled.png","contentUrl":"https:\/\/juvigo.es\/revista\/wp-content\/uploads\/2022\/02\/magazine_logo_scaled.png","width":240,"height":100,"caption":"Juvigo GmbH"},"image":{"@id":"https:\/\/juvigo.es\/revista\/#\/schema\/logo\/image\/"},"sameAs":["https:\/\/de-de.facebook.com\/meinjuvigo","https:\/\/x.com\/meinjuvigo","http:\/\/instagram.com\/juvigo_de\/"]},{"@type":"Person","@id":"https:\/\/juvigo.es\/revista\/#\/schema\/person\/53d3d40aa9db5be34e5a16b72d2058d1","name":"Rocio","image":{"@type":"ImageObject","inLanguage":"es","@id":"https:\/\/juvigo.es\/revista\/#\/schema\/person\/image\/","url":"https:\/\/juvigo.es\/revista\/wp-content\/uploads\/2019\/02\/favicon.ico","contentUrl":"https:\/\/juvigo.es\/revista\/wp-content\/uploads\/2019\/02\/favicon.ico","caption":"Rocio"},"url":"https:\/\/juvigo.es\/revista\/author\/rocio\/"}]}},"author_meta":{"display_name":"Rocio","author_link":"https:\/\/juvigo.es\/revista\/author\/rocio\/"},"featured_img":"https:\/\/juvigo.es\/revista\/wp-content\/uploads\/2025\/02\/image-1-300x240.png","wps_subtitle":"","coauthors":[],"tax_additional":{"categories":{"linked":["<a href=\"https:\/\/juvigo.es\/revista\/entrevistas\/\" class=\"advgb-post-tax-term\">Entrevistas<\/a>","<a href=\"https:\/\/juvigo.es\/revista\/mas-informacion\/\" class=\"advgb-post-tax-term\">M\u00e1s informaci\u00f3n<\/a>"],"unlinked":["<span class=\"advgb-post-tax-term\">Entrevistas<\/span>","<span class=\"advgb-post-tax-term\">M\u00e1s informaci\u00f3n<\/span>"]}},"comment_count":"0","relative_dates":{"created":"Publicado 1 a\u00f1o hace","modified":"Actualizado 7 meses hace"},"absolute_dates":{"created":"Publicado el 6 de febrero de 2025","modified":"Actualizado el 22 de septiembre de 2025"},"absolute_dates_time":{"created":"Publicado el 6 de febrero de 2025 16:35","modified":"Actualizado el 22 de septiembre de 2025 14:35"},"featured_img_caption":"","series_order":"","_links":{"self":[{"href":"https:\/\/juvigo.es\/revista\/wp-json\/wp\/v2\/posts\/9374","targetHints":{"allow":["GET"]}}],"collection":[{"href":"https:\/\/juvigo.es\/revista\/wp-json\/wp\/v2\/posts"}],"about":[{"href":"https:\/\/juvigo.es\/revista\/wp-json\/wp\/v2\/types\/post"}],"author":[{"embeddable":true,"href":"https:\/\/juvigo.es\/revista\/wp-json\/wp\/v2\/users\/27"}],"replies":[{"embeddable":true,"href":"https:\/\/juvigo.es\/revista\/wp-json\/wp\/v2\/comments?post=9374"}],"version-history":[{"count":11,"href":"https:\/\/juvigo.es\/revista\/wp-json\/wp\/v2\/posts\/9374\/revisions"}],"predecessor-version":[{"id":9396,"href":"https:\/\/juvigo.es\/revista\/wp-json\/wp\/v2\/posts\/9374\/revisions\/9396"}],"wp:featuredmedia":[{"embeddable":true,"href":"https:\/\/juvigo.es\/revista\/wp-json\/wp\/v2\/media\/9381"}],"wp:attachment":[{"href":"https:\/\/juvigo.es\/revista\/wp-json\/wp\/v2\/media?parent=9374"}],"wp:term":[{"taxonomy":"category","embeddable":true,"href":"https:\/\/juvigo.es\/revista\/wp-json\/wp\/v2\/categories?post=9374"},{"taxonomy":"table_tags","embeddable":true,"href":"https:\/\/juvigo.es\/revista\/wp-json\/wp\/v2\/table_tags?post=9374"}],"curies":[{"name":"wp","href":"https:\/\/api.w.org\/{rel}","templated":true}]}}