{"id":9962,"date":"2025-05-27T11:07:05","date_gmt":"2025-05-27T09:07:05","guid":{"rendered":"https:\/\/juvigo.es\/revista\/?p=9962"},"modified":"2025-09-04T08:57:30","modified_gmt":"2025-09-04T06:57:30","slug":"campamento-del-camino-de-santiago","status":"publish","type":"post","link":"https:\/\/juvigo.es\/revista\/mas-informacion\/campamento-del-camino-de-santiago\/","title":{"rendered":"Viva la experiencia de un campamento haciendo el Camino de Santiago"},"content":{"rendered":"\n<p>\u00bfTe imaginas un campamento del Camino de Santiago? Este a\u00f1o puede ser tu momento de asistir a un campamento en el que puedas vivir la experiencia de esta famosa peregrinaci\u00f3n, pero en un grupo grande con nuevos amigos en el que cada d\u00eda ser\u00e1 un nuevo reto y una oportunidad para aprender. Entre rutas maravillosas y vistas de ensue\u00f1o por toda <a href=\"https:\/\/juvigo.es\/campamentos\/campamentos-de-verano-galicia\">Galicia<\/a>, caminar\u00e1s hasta Santiago pas\u00e1ndolo en grande. Aqu\u00ed te dejamos toda la informaci\u00f3n importante que debes saber sobre el camino de Santiago, as\u00ed como nuestros mejores consejos para hacerlo.&nbsp;<br><\/p>\n\n\n\n<h2 class=\"wp-block-heading\">\u00bfQu\u00e9 es el Camino de Santiago? <\/h2>\n\n\n\n<p>Esta ruta milenaria que hac\u00edan los peregrinos para visitar la tumba del ap\u00f3stol Santiago se ha convertido en uno de los peregrinajes m\u00e1s famosos del mundo. Se trata de caminar al menos 100 kil\u00f3metros en plena <a href=\"https:\/\/juvigo.es\/campamentos\/campamentos-naturaleza\">naturaleza<\/a> hasta llegar a la catedral para poder visitarla. Pero igual que decimos de Roma, hay m\u00e1s de un camino posible hasta llegar all\u00ed.&nbsp; Para el camino puedes elegir distintas rutas, aqu\u00ed te dejamos las m\u00e1s populares:&nbsp;<\/p>\n\n\n<div class=\"wp-block-image\">\n<figure class=\"alignright size-large is-resized\"><img decoding=\"async\" width=\"892\" height=\"1190\" data-src=\"https:\/\/juvigo.es\/revista\/wp-content\/uploads\/2025\/05\/sergio-kian-I5WnegrC24-unsplash-edited.jpg\" alt=\"Simbolo del camino de santiago\" class=\"wp-image-9965 lazyload\" style=\"--smush-placeholder-width: 892px; --smush-placeholder-aspect-ratio: 892\/1190;width:256px;height:auto\" data-srcset=\"https:\/\/juvigo.es\/revista\/wp-content\/uploads\/2025\/05\/sergio-kian-I5WnegrC24-unsplash-edited.jpg 892w, https:\/\/juvigo.es\/revista\/wp-content\/uploads\/2025\/05\/sergio-kian-I5WnegrC24-unsplash-edited-225x300.jpg 225w, https:\/\/juvigo.es\/revista\/wp-content\/uploads\/2025\/05\/sergio-kian-I5WnegrC24-unsplash-edited-768x1025.jpg 768w, https:\/\/juvigo.es\/revista\/wp-content\/uploads\/2025\/05\/sergio-kian-I5WnegrC24-unsplash-edited-600x800.jpg 600w, https:\/\/juvigo.es\/revista\/wp-content\/uploads\/2025\/05\/sergio-kian-I5WnegrC24-unsplash-edited-800x1067.jpg 800w, https:\/\/juvigo.es\/revista\/wp-content\/uploads\/2025\/05\/sergio-kian-I5WnegrC24-unsplash-edited-380x507.jpg 380w, https:\/\/juvigo.es\/revista\/wp-content\/uploads\/2025\/05\/sergio-kian-I5WnegrC24-unsplash-edited-247x330.jpg 247w, https:\/\/juvigo.es\/revista\/wp-content\/uploads\/2025\/05\/sergio-kian-I5WnegrC24-unsplash-edited-278x371.jpg 278w\" data-sizes=\"(max-width: 892px) 100vw, 892px\" src=\"data:image\/svg+xml;base64,PHN2ZyB3aWR0aD0iMSIgaGVpZ2h0PSIxIiB4bWxucz0iaHR0cDovL3d3dy53My5vcmcvMjAwMC9zdmciPjwvc3ZnPg==\" \/><\/figure><\/div>\n\n\n<ol class=\"wp-block-list\">\n<li><strong><a href=\"https:\/\/juvigo.es\/campamentos\/campamentos-de-verano-francia\">Ruta francesa<\/a>.<\/strong> Sin duda, la m\u00e1s popular. Este camino normalmente comienza desde Saint-Jean-Pied-de-Port (Francia), cruzando los Pirineos. Son 700 kil\u00f3metros en los que podr\u00e1s pasar por ciudades como Pamplona, Burgos, Le\u00f3n, etc. Este camino es el m\u00e1s tradicional, con lo cual tiene muchos albergues y pueblos muy bonitos que visitar.&nbsp;<\/li>\n\n\n\n<li><a href=\"https:\/\/juvigo.es\/campamentos\/campamentos-portugal\"><strong>Ruta portuguesa.<\/strong> <\/a>Esta ruta se refiere a cualquier camino que comienza en Portugal, ya sea en Oporto, Lisboa o en cualquier otro punto. Este camino es m\u00e1s tranquilo que el franc\u00e9s, ya que no es tan popular, pero a\u00fan as\u00ed ofrece unos paisajes verdes incre\u00edbles tanto de Portugal como del sur de Galicia.&nbsp;<\/li>\n\n\n\n<li><a href=\"https:\/\/juvigo.es\/campamentos\/surfcamps-norte-espana\"><strong>Ruta del norte.<\/strong> <\/a>Este camino es precioso, ya que empieza en el Pa\u00eds Bajo y siempre se camina junto al mar. Caminar por las mejores playas, viendo las mejores puestas de sol es una experiencia para aquellos amantes del mar. Aunque el paisaje es precioso, es cierto que este camino conlleva m\u00e1s bajadas y subidas y puede ser un poco m\u00e1s dif\u00edcil.&nbsp;<\/li>\n\n\n\n<li><strong>Ruta primitiva.<\/strong> Esta es la ruta m\u00e1s antigua del Camino de Santiago que se conoce. Empieza desde Oviedo y son unos 320 kil\u00f3metros. Es el m\u00e1s exigente, por eso no es tan popular a d\u00eda de hoy, ya que pasa por bastante monta\u00f1as. Eso s\u00ed, los paisajes son espectaculares.&nbsp;<\/li>\n<\/ol>\n\n\n\n<h3 class=\"wp-block-heading\">\u00bfC\u00f3mo funciona a d\u00eda de hoy? <\/h3>\n\n\n<div class=\"wp-block-image\">\n<figure class=\"alignleft size-large is-resized\"><img decoding=\"async\" width=\"356\" height=\"534\" data-src=\"https:\/\/juvigo.es\/revista\/wp-content\/uploads\/2025\/05\/victoriano-izquierdo-o7G89a9GFdA-unsplash-edited-1.jpg\" alt=\"catedral de Santiago \" class=\"wp-image-9969 lazyload\" style=\"--smush-placeholder-width: 356px; --smush-placeholder-aspect-ratio: 356\/534;width:207px;height:auto\" data-srcset=\"https:\/\/juvigo.es\/revista\/wp-content\/uploads\/2025\/05\/victoriano-izquierdo-o7G89a9GFdA-unsplash-edited-1.jpg 356w, https:\/\/juvigo.es\/revista\/wp-content\/uploads\/2025\/05\/victoriano-izquierdo-o7G89a9GFdA-unsplash-edited-1-200x300.jpg 200w\" data-sizes=\"(max-width: 356px) 100vw, 356px\" src=\"data:image\/svg+xml;base64,PHN2ZyB3aWR0aD0iMSIgaGVpZ2h0PSIxIiB4bWxucz0iaHR0cDovL3d3dy53My5vcmcvMjAwMC9zdmciPjwvc3ZnPg==\" \/><\/figure><\/div>\n\n\n<p>Hoy en d\u00eda, hacer el Camino de Santiago es una <a href=\"https:\/\/juvigo.es\/campamentos-multiaventura\">aventura<\/a> organizada y segura. Si quieres hacer el camino de Santiago deber\u00e1s obtener una <strong>credencial<\/strong>, que es como un \u201cpasaporte del Camino\u201d. En cada etapa o pueblo por el que pases, ir\u00e1s poniendo sellos en tu credencial. Estos sellos (tambi\u00e9n llamados \u201ccu\u00f1o\u201d) los puedes conseguir en sitios como iglesias, bares, albergues o incluso panader\u00edas. Demostrar\u00e1n de una forma visual los lugares que has recorrido en tu camino. Cuando llegas a Santiago, si has recorrido al menos los \u00faltimos <strong>100 kil\u00f3metros a pie<\/strong> (o 200 km en bici), puedes ir a la <strong>Oficina del Peregrino<\/strong> y ense\u00f1ar tu credencial con los sellos. Si todo est\u00e1 correcto, podr\u00e1s conseguir la <strong>Compostela<\/strong>, un diploma especial que dice que has completado el Camino. Adem\u00e1s, \u00a1es un recuerdo muy chulo para llevarte a casa!<br><\/p>\n\n\n\n<h3 class=\"wp-block-heading\">\u00bfQu\u00e9 llevar al campamento del Camino de Santiago? <\/h3>\n\n\n<div class=\"wp-block-image\">\n<figure class=\"alignright size-large is-resized\"><img decoding=\"async\" width=\"960\" height=\"540\" data-src=\"https:\/\/juvigo.es\/revista\/wp-content\/uploads\/2025\/05\/kitera-dent-jWv1ILisuSc-unsplash-1-edited.jpg\" alt=\"\" class=\"wp-image-9974 lazyload\" style=\"--smush-placeholder-width: 960px; --smush-placeholder-aspect-ratio: 960\/540;width:480px;height:auto\" data-srcset=\"https:\/\/juvigo.es\/revista\/wp-content\/uploads\/2025\/05\/kitera-dent-jWv1ILisuSc-unsplash-1-edited.jpg 960w, https:\/\/juvigo.es\/revista\/wp-content\/uploads\/2025\/05\/kitera-dent-jWv1ILisuSc-unsplash-1-edited-300x169.jpg 300w, https:\/\/juvigo.es\/revista\/wp-content\/uploads\/2025\/05\/kitera-dent-jWv1ILisuSc-unsplash-1-edited-768x432.jpg 768w, https:\/\/juvigo.es\/revista\/wp-content\/uploads\/2025\/05\/kitera-dent-jWv1ILisuSc-unsplash-1-edited-600x338.jpg 600w, https:\/\/juvigo.es\/revista\/wp-content\/uploads\/2025\/05\/kitera-dent-jWv1ILisuSc-unsplash-1-edited-800x450.jpg 800w, https:\/\/juvigo.es\/revista\/wp-content\/uploads\/2025\/05\/kitera-dent-jWv1ILisuSc-unsplash-1-edited-585x330.jpg 585w, https:\/\/juvigo.es\/revista\/wp-content\/uploads\/2025\/05\/kitera-dent-jWv1ILisuSc-unsplash-1-edited-385x217.jpg 385w, https:\/\/juvigo.es\/revista\/wp-content\/uploads\/2025\/05\/kitera-dent-jWv1ILisuSc-unsplash-1-edited-380x214.jpg 380w, https:\/\/juvigo.es\/revista\/wp-content\/uploads\/2025\/05\/kitera-dent-jWv1ILisuSc-unsplash-1-edited-247x139.jpg 247w, https:\/\/juvigo.es\/revista\/wp-content\/uploads\/2025\/05\/kitera-dent-jWv1ILisuSc-unsplash-1-edited-278x157.jpg 278w, https:\/\/juvigo.es\/revista\/wp-content\/uploads\/2025\/05\/kitera-dent-jWv1ILisuSc-unsplash-1-edited-178x101.jpg 178w\" data-sizes=\"(max-width: 960px) 100vw, 960px\" src=\"data:image\/svg+xml;base64,PHN2ZyB3aWR0aD0iMSIgaGVpZ2h0PSIxIiB4bWxucz0iaHR0cDovL3d3dy53My5vcmcvMjAwMC9zdmciPjwvc3ZnPg==\" \/><\/figure><\/div>\n\n\n<p>Antes de empezar esta aventura de peregrinaci\u00f3n, es importante preparar bien tu equipaje. La clave para esta ruta es llevar lo justo y necesario, ya que lo tendr\u00e1s que llevar siempre contigo. Lo m\u00e1s recomendable es una mochila de 30 o 40 litros en la que puedes meter lo fundamental. Lo m\u00e1s importante es llevar ropa ligera y c\u00f3moda, como camisetas, pantalones cortos, un chubasquero por si llueve, y una sudadera para las ma\u00f1anas frescas. El calzado es lo m\u00e1s importante: unas zapatillas de <a href=\"https:\/\/juvigo.es\/campamentos\/campamentos-verano-deportes\">deporte<\/a> c\u00f3modas y usadas, as\u00ed como calcetines preparados para este tipo de aventuras. Por lo dem\u00e1s, es importante una gorra, crema solar, una cantimplora o botella reutilizable, una toalla ligera y art\u00edculos de higiene personal (cepillo de dientes, jab\u00f3n\u2026). Como ya hemos mencionado, no puede faltar la credencial del peregrino para recoger los sellos, una peque\u00f1a linterna y, si quieres, un cuaderno para escribir lo que vives cada d\u00eda.&nbsp; Pero sobre todo, lo fundamental son las ganas de pasarlo bien junto a tus nuevos amigos en esta maravillosa ruta.<\/p>\n\n\n\n<h3 class=\"wp-block-heading\">\u00bfEst\u00e1s preparado para un viaje inolvidable?<\/h3>\n\n\n<div class=\"wp-block-image\">\n<figure class=\"alignleft size-large is-resized\"><img decoding=\"async\" width=\"483\" height=\"322\" data-src=\"https:\/\/juvigo.es\/revista\/wp-content\/uploads\/2025\/05\/burkard-meyendriesch-AaJ5jLlt418-unsplash-edited-2.jpg\" alt=\"\" class=\"wp-image-9972 lazyload\" style=\"--smush-placeholder-width: 483px; --smush-placeholder-aspect-ratio: 483\/322;width:174px;height:auto\" data-srcset=\"https:\/\/juvigo.es\/revista\/wp-content\/uploads\/2025\/05\/burkard-meyendriesch-AaJ5jLlt418-unsplash-edited-2.jpg 483w, https:\/\/juvigo.es\/revista\/wp-content\/uploads\/2025\/05\/burkard-meyendriesch-AaJ5jLlt418-unsplash-edited-2-300x200.jpg 300w, https:\/\/juvigo.es\/revista\/wp-content\/uploads\/2025\/05\/burkard-meyendriesch-AaJ5jLlt418-unsplash-edited-2-227x152.jpg 227w, https:\/\/juvigo.es\/revista\/wp-content\/uploads\/2025\/05\/burkard-meyendriesch-AaJ5jLlt418-unsplash-edited-2-143x96.jpg 143w, https:\/\/juvigo.es\/revista\/wp-content\/uploads\/2025\/05\/burkard-meyendriesch-AaJ5jLlt418-unsplash-edited-2-385x257.jpg 385w\" data-sizes=\"(max-width: 483px) 100vw, 483px\" src=\"data:image\/svg+xml;base64,PHN2ZyB3aWR0aD0iMSIgaGVpZ2h0PSIxIiB4bWxucz0iaHR0cDovL3d3dy53My5vcmcvMjAwMC9zdmciPjwvc3ZnPg==\" \/><\/figure><\/div>\n\n\n<p>Si todo esto suena bien para ti o si ya hab\u00edas querido alguna vez ir al Camino de Santiago, hacerlo en un <a href=\"https:\/\/juvigo.es\/campamentos-de-verano\">campamento de verano<\/a> no puede ser mejor idea. Para cualquier otra duda organizativa, puedes consultar con nuestros expertos en Juvigo y te daremos los mejores consejos para que tu peregrinaje sea incre\u00edble.<\/p>\n\n\n\n<p><\/p>\n\n\n\n<p><\/p>\n\n\n\n<div class=\"wp-block-columns is-layout-flex wp-container-core-columns-is-layout-9d6595d7 wp-block-columns-is-layout-flex\">\n<div class=\"wp-block-column is-layout-flow wp-block-column-is-layout-flow\">\n<script>\r\n  document.addEventListener(\"DOMContentLoaded\", function () {\r\n    const today = new Date();\r\n    const currentYear = today.getFullYear();\r\n    const displayYear = (today.getMonth() >= 10) ? currentYear + 1 : currentYear;\r\n\r\n    document.querySelectorAll('.display-year').forEach(el => {\r\n      el.textContent = displayYear;\r\n    });\r\n  });\r\n<\/script>\r\n<div #2b2f6f;\" class=\"card\">\r\n\t\t\t<a  href=\"https:\/\/juvigo.es\/campamentos\/campamentos-de-verano-multiaventura\" title=\"Campamentos Multiaventura\">\r\n\t\t\t\t<img decoding=\"async\" data-src=\"https:\/\/juvigo.es\/assets\/img\/category\/campamentos-de-verano-multiaventura-small.jpg\" src=\"data:image\/svg+xml;base64,PHN2ZyB3aWR0aD0iMSIgaGVpZ2h0PSIxIiB4bWxucz0iaHR0cDovL3d3dy53My5vcmcvMjAwMC9zdmciPjwvc3ZnPg==\" class=\"lazyload\" \/>\r\n\t\t\t<\/a>\r\n\t\t\t<div class=\"card-content\">\r\n               <div class=\"title-wrapper\">\r\n                  <br><a  href=\"https:\/\/juvigo.es\/campamentos\/campamentos-de-verano-multiaventura\" title=\"Campamentos Multiaventura\"><center><h4><p class=\"camp-title\">Campamentos Multiaventura <span class=\"display-year\"><\/span><\/p><\/h4><\/center><\/a>\r\n            <\/div>\r\n\t\t\t\t<div class=\"content-text\">\r\n\t\t\t\t\t<p class=\"region-info par\">\r\n                                              <center>\u00a1Todas las ofertas en <span class=\"display-year\"><\/span> en Juvigo!<\/center>\r\n                      <\/p>\r\n\t\t\t\t<\/div>\r\n\t\t\t<\/div>\r\n\t\t\t<span style=\"font-family:Quicksand\"><a href=\"https:\/\/juvigo.es\/campamentos\/campamentos-de-verano-multiaventura\" title=\"Campamentos Multiaventura\"><button class=\"btn btn-yellow card-btn col-md-12\">Ver ofertas<\/button><\/a><\/span>\r\n\t\t<\/div>\r\n\t\t<br>\r\n\r\n<!--style=\"border:1px border-radius:25px solid-->\r\n  \r\n<!-- Die Kategorie-Karten m\u00fcssen noch weiter ausgebaut werden-->\n<\/div>\n\n\n\n<div class=\"wp-block-column is-layout-flow wp-block-column-is-layout-flow\">\n<script>\r\n  document.addEventListener(\"DOMContentLoaded\", function () {\r\n    const today = new Date();\r\n    const currentYear = today.getFullYear();\r\n    const displayYear = (today.getMonth() >= 10) ? currentYear + 1 : currentYear;\r\n\r\n    document.querySelectorAll('.display-year').forEach(el => {\r\n      el.textContent = displayYear;\r\n    });\r\n  });\r\n<\/script>\r\n<div #2b2f6f;\" class=\"card\">\r\n\t\t\t<a  href=\"https:\/\/juvigo.es\/campamentos\/campamentos-de-verano-galicia\" title=\"Campamentos Verano Galicia\">\r\n\t\t\t\t<img decoding=\"async\" data-src=\"https:\/\/juvigo.es\/assets\/img\/category\/campamentos-de-verano-galicia-small.jpg\" src=\"data:image\/svg+xml;base64,PHN2ZyB3aWR0aD0iMSIgaGVpZ2h0PSIxIiB4bWxucz0iaHR0cDovL3d3dy53My5vcmcvMjAwMC9zdmciPjwvc3ZnPg==\" class=\"lazyload\" \/>\r\n\t\t\t<\/a>\r\n\t\t\t<div class=\"card-content\">\r\n               <div class=\"title-wrapper\">\r\n                  <br><a  href=\"https:\/\/juvigo.es\/campamentos\/campamentos-de-verano-galicia\" title=\"Campamentos Verano Galicia\"><center><h4><p class=\"camp-title\">Campamentos Verano Galicia <span class=\"display-year\"><\/span><\/p><\/h4><\/center><\/a>\r\n            <\/div>\r\n\t\t\t\t<div class=\"content-text\">\r\n\t\t\t\t\t<p class=\"region-info par\">\r\n                                              <center>\u00a1Todas las ofertas en <span class=\"display-year\"><\/span> en Juvigo!<\/center>\r\n                      <\/p>\r\n\t\t\t\t<\/div>\r\n\t\t\t<\/div>\r\n\t\t\t<span style=\"font-family:Quicksand\"><a href=\"https:\/\/juvigo.es\/campamentos\/campamentos-de-verano-galicia\" title=\"Campamentos Verano Galicia\"><button class=\"btn btn-yellow card-btn col-md-12\">Ver ofertas<\/button><\/a><\/span>\r\n\t\t<\/div>\r\n\t\t<br>\r\n\r\n<!--style=\"border:1px border-radius:25px solid-->\r\n  \r\n<!-- Die Kategorie-Karten m\u00fcssen noch weiter ausgebaut werden-->\n<\/div>\n<\/div>\n","protected":false},"excerpt":{"rendered":"<p>\u00bfTe imaginas un campamento del Camino de Santiago? Este a\u00f1o puede ser tu momento de asistir a un campamento en el que puedas vivir la experiencia de esta famosa peregrinaci\u00f3n, pero en un grupo grande con nuevos amigos en el que cada d\u00eda ser\u00e1 un nuevo reto y una oportunidad para aprender. Entre rutas maravillosas [&hellip;]<\/p>\n","protected":false},"author":27,"featured_media":9963,"comment_status":"open","ping_status":"closed","sticky":false,"template":"","format":"standard","meta":{"advgb_blocks_editor_width":"","advgb_blocks_columns_visual_guide":"","footnotes":"","_links_to":"","_links_to_target":""},"categories":[21,1],"table_tags":[],"class_list":["post-9962","post","type-post","status-publish","format-standard","has-post-thumbnail","hentry","category-informacion-para-padres","category-mas-informacion"],"yoast_head":"<!-- This site is optimized with the Yoast SEO plugin v25.8 - https:\/\/yoast.com\/wordpress\/plugins\/seo\/ -->\n<title>Viva la experiencia de un campamento haciendo el Camino de Santiago - Juvigo Revista<\/title>\n<meta name=\"description\" content=\"En este art\u00edculo te contamos todo sobre el famoso Camino de Santiago, as\u00ed como de la posibilidad de hacerlo en un campamento.\" \/>\n<meta name=\"robots\" content=\"index, follow, max-snippet:-1, max-image-preview:large, max-video-preview:-1\" \/>\n<link rel=\"canonical\" href=\"https:\/\/juvigo.es\/revista\/mas-informacion\/campamento-del-camino-de-santiago\/\" \/>\n<meta property=\"og:locale\" content=\"es_ES\" \/>\n<meta property=\"og:type\" content=\"article\" \/>\n<meta property=\"og:title\" content=\"Viva la experiencia de un campamento haciendo el Camino de Santiago - Juvigo Revista\" \/>\n<meta property=\"og:description\" content=\"En este art\u00edculo te contamos todo sobre el famoso Camino de Santiago, as\u00ed como de la posibilidad de hacerlo en un campamento.\" \/>\n<meta property=\"og:url\" content=\"https:\/\/juvigo.es\/revista\/mas-informacion\/campamento-del-camino-de-santiago\/\" \/>\n<meta property=\"og:site_name\" content=\"Revista Juvigo\" \/>\n<meta property=\"article:publisher\" content=\"https:\/\/de-de.facebook.com\/meinjuvigo\" \/>\n<meta property=\"article:published_time\" content=\"2025-05-27T09:07:05+00:00\" \/>\n<meta property=\"article:modified_time\" content=\"2025-09-04T06:57:30+00:00\" \/>\n<meta property=\"og:image\" content=\"https:\/\/juvigo.es\/revista\/wp-content\/uploads\/2025\/05\/burkard-meyendriesch-d9f4ClMeTa4-unsplash.jpg\" \/>\n\t<meta property=\"og:image:width\" content=\"1186\" \/>\n\t<meta property=\"og:image:height\" content=\"791\" \/>\n\t<meta property=\"og:image:type\" content=\"image\/jpeg\" \/>\n<meta name=\"author\" content=\"Rocio\" \/>\n<meta name=\"twitter:card\" content=\"summary_large_image\" \/>\n<meta name=\"twitter:creator\" content=\"@meinjuvigo\" \/>\n<meta name=\"twitter:site\" content=\"@meinjuvigo\" \/>\n<meta name=\"twitter:label1\" content=\"Escrito por\" \/>\n\t<meta name=\"twitter:data1\" content=\"Rocio\" \/>\n\t<meta name=\"twitter:label2\" content=\"Tiempo de lectura\" \/>\n\t<meta name=\"twitter:data2\" content=\"5 minutos\" \/>\n<script type=\"application\/ld+json\" class=\"yoast-schema-graph\">{\"@context\":\"https:\/\/schema.org\",\"@graph\":[{\"@type\":\"Article\",\"@id\":\"https:\/\/juvigo.es\/revista\/mas-informacion\/campamento-del-camino-de-santiago\/#article\",\"isPartOf\":{\"@id\":\"https:\/\/juvigo.es\/revista\/mas-informacion\/campamento-del-camino-de-santiago\/\"},\"author\":{\"name\":\"Rocio\",\"@id\":\"https:\/\/juvigo.es\/revista\/#\/schema\/person\/53d3d40aa9db5be34e5a16b72d2058d1\"},\"headline\":\"Viva la experiencia de un campamento haciendo el Camino de Santiago\",\"datePublished\":\"2025-05-27T09:07:05+00:00\",\"dateModified\":\"2025-09-04T06:57:30+00:00\",\"mainEntityOfPage\":{\"@id\":\"https:\/\/juvigo.es\/revista\/mas-informacion\/campamento-del-camino-de-santiago\/\"},\"wordCount\":870,\"commentCount\":0,\"publisher\":{\"@id\":\"https:\/\/juvigo.es\/revista\/#organization\"},\"image\":{\"@id\":\"https:\/\/juvigo.es\/revista\/mas-informacion\/campamento-del-camino-de-santiago\/#primaryimage\"},\"thumbnailUrl\":\"https:\/\/juvigo.es\/revista\/wp-content\/uploads\/2025\/05\/burkard-meyendriesch-d9f4ClMeTa4-unsplash.jpg\",\"articleSection\":[\"Informaci\u00f3n para padres\",\"M\u00e1s informaci\u00f3n\"],\"inLanguage\":\"es\",\"potentialAction\":[{\"@type\":\"CommentAction\",\"name\":\"Comment\",\"target\":[\"https:\/\/juvigo.es\/revista\/mas-informacion\/campamento-del-camino-de-santiago\/#respond\"]}]},{\"@type\":\"WebPage\",\"@id\":\"https:\/\/juvigo.es\/revista\/mas-informacion\/campamento-del-camino-de-santiago\/\",\"url\":\"https:\/\/juvigo.es\/revista\/mas-informacion\/campamento-del-camino-de-santiago\/\",\"name\":\"Viva la experiencia de un campamento haciendo el Camino de Santiago - Juvigo Revista\",\"isPartOf\":{\"@id\":\"https:\/\/juvigo.es\/revista\/#website\"},\"primaryImageOfPage\":{\"@id\":\"https:\/\/juvigo.es\/revista\/mas-informacion\/campamento-del-camino-de-santiago\/#primaryimage\"},\"image\":{\"@id\":\"https:\/\/juvigo.es\/revista\/mas-informacion\/campamento-del-camino-de-santiago\/#primaryimage\"},\"thumbnailUrl\":\"https:\/\/juvigo.es\/revista\/wp-content\/uploads\/2025\/05\/burkard-meyendriesch-d9f4ClMeTa4-unsplash.jpg\",\"datePublished\":\"2025-05-27T09:07:05+00:00\",\"dateModified\":\"2025-09-04T06:57:30+00:00\",\"description\":\"En este art\u00edculo te contamos todo sobre el famoso Camino de Santiago, as\u00ed como de la posibilidad de hacerlo en un campamento.\",\"breadcrumb\":{\"@id\":\"https:\/\/juvigo.es\/revista\/mas-informacion\/campamento-del-camino-de-santiago\/#breadcrumb\"},\"inLanguage\":\"es\",\"potentialAction\":[{\"@type\":\"ReadAction\",\"target\":[\"https:\/\/juvigo.es\/revista\/mas-informacion\/campamento-del-camino-de-santiago\/\"]}]},{\"@type\":\"ImageObject\",\"inLanguage\":\"es\",\"@id\":\"https:\/\/juvigo.es\/revista\/mas-informacion\/campamento-del-camino-de-santiago\/#primaryimage\",\"url\":\"https:\/\/juvigo.es\/revista\/wp-content\/uploads\/2025\/05\/burkard-meyendriesch-d9f4ClMeTa4-unsplash.jpg\",\"contentUrl\":\"https:\/\/juvigo.es\/revista\/wp-content\/uploads\/2025\/05\/burkard-meyendriesch-d9f4ClMeTa4-unsplash.jpg\",\"width\":1186,\"height\":791},{\"@type\":\"BreadcrumbList\",\"@id\":\"https:\/\/juvigo.es\/revista\/mas-informacion\/campamento-del-camino-de-santiago\/#breadcrumb\",\"itemListElement\":[{\"@type\":\"ListItem\",\"position\":1,\"name\":\"Revista Juvigo\",\"item\":\"https:\/\/juvigo.es\/revista\/\"},{\"@type\":\"ListItem\",\"position\":2,\"name\":\"M\u00e1s informaci\u00f3n\",\"item\":\"https:\/\/juvigo.es\/revista\/mas-informacion\/\"},{\"@type\":\"ListItem\",\"position\":3,\"name\":\"Viva la experiencia de un campamento haciendo el Camino de Santiago\"}]},{\"@type\":\"WebSite\",\"@id\":\"https:\/\/juvigo.es\/revista\/#website\",\"url\":\"https:\/\/juvigo.es\/revista\/\",\"name\":\"Revista Juvigo\",\"description\":\"Tu revista digital de campamentos de verano y viajes de idiomas para ni\u00f1os y j\u00f3venes\",\"publisher\":{\"@id\":\"https:\/\/juvigo.es\/revista\/#organization\"},\"potentialAction\":[{\"@type\":\"SearchAction\",\"target\":{\"@type\":\"EntryPoint\",\"urlTemplate\":\"https:\/\/juvigo.es\/revista\/?s={search_term_string}\"},\"query-input\":{\"@type\":\"PropertyValueSpecification\",\"valueRequired\":true,\"valueName\":\"search_term_string\"}}],\"inLanguage\":\"es\"},{\"@type\":\"Organization\",\"@id\":\"https:\/\/juvigo.es\/revista\/#organization\",\"name\":\"Juvigo GmbH\",\"url\":\"https:\/\/juvigo.es\/revista\/\",\"logo\":{\"@type\":\"ImageObject\",\"inLanguage\":\"es\",\"@id\":\"https:\/\/juvigo.es\/revista\/#\/schema\/logo\/image\/\",\"url\":\"https:\/\/juvigo.es\/revista\/wp-content\/uploads\/2022\/02\/magazine_logo_scaled.png\",\"contentUrl\":\"https:\/\/juvigo.es\/revista\/wp-content\/uploads\/2022\/02\/magazine_logo_scaled.png\",\"width\":240,\"height\":100,\"caption\":\"Juvigo GmbH\"},\"image\":{\"@id\":\"https:\/\/juvigo.es\/revista\/#\/schema\/logo\/image\/\"},\"sameAs\":[\"https:\/\/de-de.facebook.com\/meinjuvigo\",\"https:\/\/x.com\/meinjuvigo\",\"http:\/\/instagram.com\/juvigo_de\/\"]},{\"@type\":\"Person\",\"@id\":\"https:\/\/juvigo.es\/revista\/#\/schema\/person\/53d3d40aa9db5be34e5a16b72d2058d1\",\"name\":\"Rocio\",\"image\":{\"@type\":\"ImageObject\",\"inLanguage\":\"es\",\"@id\":\"https:\/\/juvigo.es\/revista\/#\/schema\/person\/image\/\",\"url\":\"https:\/\/juvigo.es\/revista\/wp-content\/uploads\/2019\/02\/favicon.ico\",\"contentUrl\":\"https:\/\/juvigo.es\/revista\/wp-content\/uploads\/2019\/02\/favicon.ico\",\"caption\":\"Rocio\"},\"url\":\"https:\/\/juvigo.es\/revista\/author\/rocio\/\"}]}<\/script>\n<!-- \/ Yoast SEO plugin. -->","yoast_head_json":{"title":"Viva la experiencia de un campamento haciendo el Camino de Santiago - Juvigo Revista","description":"En este art\u00edculo te contamos todo sobre el famoso Camino de Santiago, as\u00ed como de la posibilidad de hacerlo en un campamento.","robots":{"index":"index","follow":"follow","max-snippet":"max-snippet:-1","max-image-preview":"max-image-preview:large","max-video-preview":"max-video-preview:-1"},"canonical":"https:\/\/juvigo.es\/revista\/mas-informacion\/campamento-del-camino-de-santiago\/","og_locale":"es_ES","og_type":"article","og_title":"Viva la experiencia de un campamento haciendo el Camino de Santiago - Juvigo Revista","og_description":"En este art\u00edculo te contamos todo sobre el famoso Camino de Santiago, as\u00ed como de la posibilidad de hacerlo en un campamento.","og_url":"https:\/\/juvigo.es\/revista\/mas-informacion\/campamento-del-camino-de-santiago\/","og_site_name":"Revista Juvigo","article_publisher":"https:\/\/de-de.facebook.com\/meinjuvigo","article_published_time":"2025-05-27T09:07:05+00:00","article_modified_time":"2025-09-04T06:57:30+00:00","og_image":[{"width":1186,"height":791,"url":"https:\/\/juvigo.es\/revista\/wp-content\/uploads\/2025\/05\/burkard-meyendriesch-d9f4ClMeTa4-unsplash.jpg","type":"image\/jpeg"}],"author":"Rocio","twitter_card":"summary_large_image","twitter_creator":"@meinjuvigo","twitter_site":"@meinjuvigo","twitter_misc":{"Escrito por":"Rocio","Tiempo de lectura":"5 minutos"},"schema":{"@context":"https:\/\/schema.org","@graph":[{"@type":"Article","@id":"https:\/\/juvigo.es\/revista\/mas-informacion\/campamento-del-camino-de-santiago\/#article","isPartOf":{"@id":"https:\/\/juvigo.es\/revista\/mas-informacion\/campamento-del-camino-de-santiago\/"},"author":{"name":"Rocio","@id":"https:\/\/juvigo.es\/revista\/#\/schema\/person\/53d3d40aa9db5be34e5a16b72d2058d1"},"headline":"Viva la experiencia de un campamento haciendo el Camino de Santiago","datePublished":"2025-05-27T09:07:05+00:00","dateModified":"2025-09-04T06:57:30+00:00","mainEntityOfPage":{"@id":"https:\/\/juvigo.es\/revista\/mas-informacion\/campamento-del-camino-de-santiago\/"},"wordCount":870,"commentCount":0,"publisher":{"@id":"https:\/\/juvigo.es\/revista\/#organization"},"image":{"@id":"https:\/\/juvigo.es\/revista\/mas-informacion\/campamento-del-camino-de-santiago\/#primaryimage"},"thumbnailUrl":"https:\/\/juvigo.es\/revista\/wp-content\/uploads\/2025\/05\/burkard-meyendriesch-d9f4ClMeTa4-unsplash.jpg","articleSection":["Informaci\u00f3n para padres","M\u00e1s informaci\u00f3n"],"inLanguage":"es","potentialAction":[{"@type":"CommentAction","name":"Comment","target":["https:\/\/juvigo.es\/revista\/mas-informacion\/campamento-del-camino-de-santiago\/#respond"]}]},{"@type":"WebPage","@id":"https:\/\/juvigo.es\/revista\/mas-informacion\/campamento-del-camino-de-santiago\/","url":"https:\/\/juvigo.es\/revista\/mas-informacion\/campamento-del-camino-de-santiago\/","name":"Viva la experiencia de un campamento haciendo el Camino de Santiago - Juvigo Revista","isPartOf":{"@id":"https:\/\/juvigo.es\/revista\/#website"},"primaryImageOfPage":{"@id":"https:\/\/juvigo.es\/revista\/mas-informacion\/campamento-del-camino-de-santiago\/#primaryimage"},"image":{"@id":"https:\/\/juvigo.es\/revista\/mas-informacion\/campamento-del-camino-de-santiago\/#primaryimage"},"thumbnailUrl":"https:\/\/juvigo.es\/revista\/wp-content\/uploads\/2025\/05\/burkard-meyendriesch-d9f4ClMeTa4-unsplash.jpg","datePublished":"2025-05-27T09:07:05+00:00","dateModified":"2025-09-04T06:57:30+00:00","description":"En este art\u00edculo te contamos todo sobre el famoso Camino de Santiago, as\u00ed como de la posibilidad de hacerlo en un campamento.","breadcrumb":{"@id":"https:\/\/juvigo.es\/revista\/mas-informacion\/campamento-del-camino-de-santiago\/#breadcrumb"},"inLanguage":"es","potentialAction":[{"@type":"ReadAction","target":["https:\/\/juvigo.es\/revista\/mas-informacion\/campamento-del-camino-de-santiago\/"]}]},{"@type":"ImageObject","inLanguage":"es","@id":"https:\/\/juvigo.es\/revista\/mas-informacion\/campamento-del-camino-de-santiago\/#primaryimage","url":"https:\/\/juvigo.es\/revista\/wp-content\/uploads\/2025\/05\/burkard-meyendriesch-d9f4ClMeTa4-unsplash.jpg","contentUrl":"https:\/\/juvigo.es\/revista\/wp-content\/uploads\/2025\/05\/burkard-meyendriesch-d9f4ClMeTa4-unsplash.jpg","width":1186,"height":791},{"@type":"BreadcrumbList","@id":"https:\/\/juvigo.es\/revista\/mas-informacion\/campamento-del-camino-de-santiago\/#breadcrumb","itemListElement":[{"@type":"ListItem","position":1,"name":"Revista Juvigo","item":"https:\/\/juvigo.es\/revista\/"},{"@type":"ListItem","position":2,"name":"M\u00e1s informaci\u00f3n","item":"https:\/\/juvigo.es\/revista\/mas-informacion\/"},{"@type":"ListItem","position":3,"name":"Viva la experiencia de un campamento haciendo el Camino de Santiago"}]},{"@type":"WebSite","@id":"https:\/\/juvigo.es\/revista\/#website","url":"https:\/\/juvigo.es\/revista\/","name":"Revista Juvigo","description":"Tu revista digital de campamentos de verano y viajes de idiomas para ni\u00f1os y j\u00f3venes","publisher":{"@id":"https:\/\/juvigo.es\/revista\/#organization"},"potentialAction":[{"@type":"SearchAction","target":{"@type":"EntryPoint","urlTemplate":"https:\/\/juvigo.es\/revista\/?s={search_term_string}"},"query-input":{"@type":"PropertyValueSpecification","valueRequired":true,"valueName":"search_term_string"}}],"inLanguage":"es"},{"@type":"Organization","@id":"https:\/\/juvigo.es\/revista\/#organization","name":"Juvigo GmbH","url":"https:\/\/juvigo.es\/revista\/","logo":{"@type":"ImageObject","inLanguage":"es","@id":"https:\/\/juvigo.es\/revista\/#\/schema\/logo\/image\/","url":"https:\/\/juvigo.es\/revista\/wp-content\/uploads\/2022\/02\/magazine_logo_scaled.png","contentUrl":"https:\/\/juvigo.es\/revista\/wp-content\/uploads\/2022\/02\/magazine_logo_scaled.png","width":240,"height":100,"caption":"Juvigo GmbH"},"image":{"@id":"https:\/\/juvigo.es\/revista\/#\/schema\/logo\/image\/"},"sameAs":["https:\/\/de-de.facebook.com\/meinjuvigo","https:\/\/x.com\/meinjuvigo","http:\/\/instagram.com\/juvigo_de\/"]},{"@type":"Person","@id":"https:\/\/juvigo.es\/revista\/#\/schema\/person\/53d3d40aa9db5be34e5a16b72d2058d1","name":"Rocio","image":{"@type":"ImageObject","inLanguage":"es","@id":"https:\/\/juvigo.es\/revista\/#\/schema\/person\/image\/","url":"https:\/\/juvigo.es\/revista\/wp-content\/uploads\/2019\/02\/favicon.ico","contentUrl":"https:\/\/juvigo.es\/revista\/wp-content\/uploads\/2019\/02\/favicon.ico","caption":"Rocio"},"url":"https:\/\/juvigo.es\/revista\/author\/rocio\/"}]}},"author_meta":{"display_name":"Rocio","author_link":"https:\/\/juvigo.es\/revista\/author\/rocio\/"},"featured_img":"https:\/\/juvigo.es\/revista\/wp-content\/uploads\/2025\/05\/burkard-meyendriesch-d9f4ClMeTa4-unsplash-300x200.jpg","wps_subtitle":"","coauthors":[],"tax_additional":{"categories":{"linked":["<a href=\"https:\/\/juvigo.es\/revista\/consejos\/informacion-para-padres\/\" class=\"advgb-post-tax-term\">Informaci\u00f3n para padres<\/a>","<a href=\"https:\/\/juvigo.es\/revista\/mas-informacion\/\" class=\"advgb-post-tax-term\">M\u00e1s informaci\u00f3n<\/a>"],"unlinked":["<span class=\"advgb-post-tax-term\">Informaci\u00f3n para padres<\/span>","<span class=\"advgb-post-tax-term\">M\u00e1s informaci\u00f3n<\/span>"]}},"comment_count":"0","relative_dates":{"created":"Publicado 11 meses hace","modified":"Actualizado 8 meses hace"},"absolute_dates":{"created":"Publicado el 27 de mayo de 2025","modified":"Actualizado el 4 de septiembre de 2025"},"absolute_dates_time":{"created":"Publicado el 27 de mayo de 2025 11:07","modified":"Actualizado el 4 de septiembre de 2025 08:57"},"featured_img_caption":"","series_order":"","_links":{"self":[{"href":"https:\/\/juvigo.es\/revista\/wp-json\/wp\/v2\/posts\/9962","targetHints":{"allow":["GET"]}}],"collection":[{"href":"https:\/\/juvigo.es\/revista\/wp-json\/wp\/v2\/posts"}],"about":[{"href":"https:\/\/juvigo.es\/revista\/wp-json\/wp\/v2\/types\/post"}],"author":[{"embeddable":true,"href":"https:\/\/juvigo.es\/revista\/wp-json\/wp\/v2\/users\/27"}],"replies":[{"embeddable":true,"href":"https:\/\/juvigo.es\/revista\/wp-json\/wp\/v2\/comments?post=9962"}],"version-history":[{"count":3,"href":"https:\/\/juvigo.es\/revista\/wp-json\/wp\/v2\/posts\/9962\/revisions"}],"predecessor-version":[{"id":9980,"href":"https:\/\/juvigo.es\/revista\/wp-json\/wp\/v2\/posts\/9962\/revisions\/9980"}],"wp:featuredmedia":[{"embeddable":true,"href":"https:\/\/juvigo.es\/revista\/wp-json\/wp\/v2\/media\/9963"}],"wp:attachment":[{"href":"https:\/\/juvigo.es\/revista\/wp-json\/wp\/v2\/media?parent=9962"}],"wp:term":[{"taxonomy":"category","embeddable":true,"href":"https:\/\/juvigo.es\/revista\/wp-json\/wp\/v2\/categories?post=9962"},{"taxonomy":"table_tags","embeddable":true,"href":"https:\/\/juvigo.es\/revista\/wp-json\/wp\/v2\/table_tags?post=9962"}],"curies":[{"name":"wp","href":"https:\/\/api.w.org\/{rel}","templated":true}]}}